{"id":352023,"date":"2026-09-06T01:30:16","date_gmt":"2026-09-06T04:30:16","guid":{"rendered":"https:\/\/tribunabrasilia.com.br\/2\/o-que-voce-come-pode-afetar-aparencia-cheiro-e-percepcao-social\/"},"modified":"2026-09-06T01:30:16","modified_gmt":"2026-09-06T04:30:16","slug":"o-que-voce-come-pode-afetar-aparencia-cheiro-e-percepcao-social","status":"publish","type":"post","link":"https:\/\/tribunabrasilia.com.br\/2\/o-que-voce-come-pode-afetar-aparencia-cheiro-e-percepcao-social\/","title":{"rendered":"O que voc\u00ea come pode afetar apar\u00eancia, cheiro e percep\u00e7\u00e3o social"},"content":{"rendered":"<p>Revis\u00e3o de mais de 30 estudos indica que alimenta\u00e7\u00e3o rica em vegetais pode influenciar a apar\u00eancia, com efeitos na cor da pele e no odor corporal<\/p>\n","protected":false},"excerpt":{"rendered":"<p>Revis\u00e3o de mais de 30 estudos indica que alimenta\u00e7\u00e3o rica em vegetais pode influenciar a apar\u00eancia, com efeitos na cor da pele e no odor corporal<\/p>\n","protected":false},"author":15,"featured_media":352024,"comment_status":"open","ping_status":"open","sticky":false,"template":"","format":"standard","meta":{"jnews-multi-image_gallery":[],"jnews_single_post":[],"jnews_primary_category":[],"jnews_override_bookmark_settings":[],"jnews_food_recipe":[],"enable_food_recipe":"","food_recipe_title":"","food_recipe_description":"","food_recipe_serve":"","food_recipe_time":"","food_recipe_prep":"","food_recipe_level":"","food_recipe_keywords":"","food_recipe_category":"","food_recipe_cuisine":"","food_recipe_yield":"","food_recipe_calories":"","enable_print_recipe":"","ingredient":[],"instruction":"","jnews_social_meta":[],"jnews_paywall_metabox":[],"jnews_review":[],"enable_review":"","type":"","name":"","summary":"","brand":"","sku":"","good":[],"bad":[],"score_override":"","override_value":"","rating":[],"price":[],"jnews_override_counter":[],"jnews_post_split":[],"jnews_podcast_option":[],"jnews_podcast_series":[],"footnotes":""},"categories":[900],"tags":[],"jnews-series":[],"class_list":["post-352023","post","type-post","status-publish","format-standard","has-post-thumbnail","hentry","category-saude"],"amp_enabled":true,"_links":{"self":[{"href":"https:\/\/tribunabrasilia.com.br\/2\/wp-json\/wp\/v2\/posts\/352023","targetHints":{"allow":["GET"]}}],"collection":[{"href":"https:\/\/tribunabrasilia.com.br\/2\/wp-json\/wp\/v2\/posts"}],"about":[{"href":"https:\/\/tribunabrasilia.com.br\/2\/wp-json\/wp\/v2\/types\/post"}],"author":[{"embeddable":true,"href":"https:\/\/tribunabrasilia.com.br\/2\/wp-json\/wp\/v2\/users\/15"}],"replies":[{"embeddable":true,"href":"https:\/\/tribunabrasilia.com.br\/2\/wp-json\/wp\/v2\/comments?post=352023"}],"version-history":[{"count":0,"href":"https:\/\/tribunabrasilia.com.br\/2\/wp-json\/wp\/v2\/posts\/352023\/revisions"}],"wp:featuredmedia":[{"embeddable":true,"href":"https:\/\/tribunabrasilia.com.br\/2\/wp-json\/wp\/v2\/media\/352024"}],"wp:attachment":[{"href":"https:\/\/tribunabrasilia.com.br\/2\/wp-json\/wp\/v2\/media?parent=352023"}],"wp:term":[{"taxonomy":"category","embeddable":true,"href":"https:\/\/tribunabrasilia.com.br\/2\/wp-json\/wp\/v2\/categories?post=352023"},{"taxonomy":"post_tag","embeddable":true,"href":"https:\/\/tribunabrasilia.com.br\/2\/wp-json\/wp\/v2\/tags?post=352023"},{"taxonomy":"jnews-series","embeddable":true,"href":"https:\/\/tribunabrasilia.com.br\/2\/wp-json\/wp\/v2\/jnews-series?post=352023"}],"curies":[{"name":"wp","href":"https:\/\/api.w.org\/{rel}","templated":true}]}}