{"id":352007,"date":"2026-09-06T01:28:36","date_gmt":"2026-09-06T04:28:36","guid":{"rendered":"https:\/\/tribunabrasilia.com.br\/2\/resultado-das-eleicoes-preocupa-mais-eleitores-de-flavio-do-que-de-lula\/"},"modified":"2026-09-06T01:28:36","modified_gmt":"2026-09-06T04:28:36","slug":"resultado-das-eleicoes-preocupa-mais-eleitores-de-flavio-do-que-de-lula","status":"publish","type":"post","link":"https:\/\/tribunabrasilia.com.br\/2\/resultado-das-eleicoes-preocupa-mais-eleitores-de-flavio-do-que-de-lula\/","title":{"rendered":"Resultado das elei\u00e7\u00f5es preocupa mais eleitores de Fl\u00e1vio do que de Lula"},"content":{"rendered":"<p>Apesar do receio com o resultado, pesquisa Datafolha mostra que 57% dos eleitores se dizem mais decididos a votar para presidente este ano<\/p>\n","protected":false},"excerpt":{"rendered":"<p>Apesar do receio com o resultado, pesquisa Datafolha mostra que 57% dos eleitores se dizem mais decididos a votar para presidente este ano<\/p>\n","protected":false},"author":15,"featured_media":352008,"comment_status":"open","ping_status":"open","sticky":false,"template":"","format":"standard","meta":{"jnews-multi-image_gallery":[],"jnews_single_post":[],"jnews_primary_category":[],"jnews_override_bookmark_settings":[],"jnews_food_recipe":[],"enable_food_recipe":"","food_recipe_title":"","food_recipe_description":"","food_recipe_serve":"","food_recipe_time":"","food_recipe_prep":"","food_recipe_level":"","food_recipe_keywords":"","food_recipe_category":"","food_recipe_cuisine":"","food_recipe_yield":"","food_recipe_calories":"","enable_print_recipe":"","ingredient":[],"instruction":"","jnews_social_meta":[],"jnews_paywall_metabox":[],"jnews_review":[],"enable_review":"","type":"","name":"","summary":"","brand":"","sku":"","good":[],"bad":[],"score_override":"","override_value":"","rating":[],"price":[],"jnews_override_counter":[],"jnews_post_split":[],"jnews_podcast_option":[],"jnews_podcast_series":[],"footnotes":""},"categories":[2],"tags":[],"jnews-series":[],"class_list":["post-352007","post","type-post","status-publish","format-standard","has-post-thumbnail","hentry","category-brasil"],"amp_enabled":true,"_links":{"self":[{"href":"https:\/\/tribunabrasilia.com.br\/2\/wp-json\/wp\/v2\/posts\/352007","targetHints":{"allow":["GET"]}}],"collection":[{"href":"https:\/\/tribunabrasilia.com.br\/2\/wp-json\/wp\/v2\/posts"}],"about":[{"href":"https:\/\/tribunabrasilia.com.br\/2\/wp-json\/wp\/v2\/types\/post"}],"author":[{"embeddable":true,"href":"https:\/\/tribunabrasilia.com.br\/2\/wp-json\/wp\/v2\/users\/15"}],"replies":[{"embeddable":true,"href":"https:\/\/tribunabrasilia.com.br\/2\/wp-json\/wp\/v2\/comments?post=352007"}],"version-history":[{"count":0,"href":"https:\/\/tribunabrasilia.com.br\/2\/wp-json\/wp\/v2\/posts\/352007\/revisions"}],"wp:featuredmedia":[{"embeddable":true,"href":"https:\/\/tribunabrasilia.com.br\/2\/wp-json\/wp\/v2\/media\/352008"}],"wp:attachment":[{"href":"https:\/\/tribunabrasilia.com.br\/2\/wp-json\/wp\/v2\/media?parent=352007"}],"wp:term":[{"taxonomy":"category","embeddable":true,"href":"https:\/\/tribunabrasilia.com.br\/2\/wp-json\/wp\/v2\/categories?post=352007"},{"taxonomy":"post_tag","embeddable":true,"href":"https:\/\/tribunabrasilia.com.br\/2\/wp-json\/wp\/v2\/tags?post=352007"},{"taxonomy":"jnews-series","embeddable":true,"href":"https:\/\/tribunabrasilia.com.br\/2\/wp-json\/wp\/v2\/jnews-series?post=352007"}],"curies":[{"name":"wp","href":"https:\/\/api.w.org\/{rel}","templated":true}]}}