{"id":351999,"date":"2026-09-06T01:28:13","date_gmt":"2026-09-06T04:28:13","guid":{"rendered":"https:\/\/tribunabrasilia.com.br\/2\/raimundo-ribeiro-diz-que-nao-ha-risco-de-racionamento-no-df-e-cobra-uso-racional-da-agua\/"},"modified":"2026-09-06T01:28:13","modified_gmt":"2026-09-06T04:28:13","slug":"raimundo-ribeiro-diz-que-nao-ha-risco-de-racionamento-no-df-e-cobra-uso-racional-da-agua","status":"publish","type":"post","link":"https:\/\/tribunabrasilia.com.br\/2\/raimundo-ribeiro-diz-que-nao-ha-risco-de-racionamento-no-df-e-cobra-uso-racional-da-agua\/","title":{"rendered":"Raimundo Ribeiro diz que n\u00e3o h\u00e1 risco de racionamento no DF e cobra uso racional da \u00e1gua"},"content":{"rendered":"<p><img width=\"529\" height=\"463\" src=\"https:\/\/midialternativa.com.br\/wp-content\/uploads\/2026\/09\/Captura-de-tela-2026-09-05-144535.png\" class=\"attachment-post-thumbnail size-post-thumbnail wp-post-image\" alt=\"\" decoding=\"async\" srcset=\"https:\/\/midialternativa.com.br\/wp-content\/uploads\/2026\/09\/Captura-de-tela-2026-09-05-144535.png 529w, https:\/\/midialternativa.com.br\/wp-content\/uploads\/2026\/09\/Captura-de-tela-2026-09-05-144535-300x263.png 300w, https:\/\/midialternativa.com.br\/wp-content\/uploads\/2026\/09\/Captura-de-tela-2026-09-05-144535-150x131.png 150w, https:\/\/midialternativa.com.br\/wp-content\/uploads\/2026\/09\/Captura-de-tela-2026-09-05-144535-167x146.png 167w\" sizes=\"(max-width: 529px) 100vw, 529px\"><\/p>\n<p>Nesta sexta-feira, 4 de setembro, o presidente da Ag\u00eancia Reguladora de \u00c1guas, Energia e Saneamento B\u00e1sico do Distrito Federal (Adasa), Raimundo Ribeiro, participou do programa <strong>Vozes da Comunidade<\/strong>. Na ocasi\u00e3o, trouxe informa\u00e7\u00f5es de qualidade \u00e0 popula\u00e7\u00e3o que acompanha a atra\u00e7\u00e3o apresentada pelo jornalista Toni Duarte.<\/p>\n<p>O Vozes da Comunidade tem sido um canal que fomenta o debate plural e a dissemina\u00e7\u00e3o de informa\u00e7\u00f5es que fazem parte do cotidiano do brasiliense, num formato multimeios, com transmiss\u00e3o ao vivo todas as sextas-feiras, \u00e0s 10h, pelo canal <strong>@VozesdaComunidadeFM<\/strong>, e retransmiss\u00e3o por r\u00e1dios comunit\u00e1rias do DF e Entorno.<\/p>\n<p>Perguntado sobre a situa\u00e7\u00e3o atual dos principais mananciais que abastecem a capital, Raimundo Ribeiro afirmou que o cen\u00e1rio \u00e9 de \u201crelativa tranquilidade\u201d quando comparado ao mesmo per\u00edodo de 2025. Segundo ele, o reservat\u00f3rio do Descoberto est\u00e1 com 85,3% de sua capacidade, enquanto o de Santa Maria registra 92,2% \u2014 patamares que, de acordo com o presidente da Adasa, colocam o Distrito Federal em estado hidrol\u00f3gico classificado como \u201cverde\u201d.<\/p>\n<p>O presidente destacou ainda que o abastecimento de \u00e1gua hoje alcan\u00e7a 99% da popula\u00e7\u00e3o do DF e fez quest\u00e3o de comparar os n\u00fameros com os do ano anterior, quando os reservat\u00f3rios operavam com volumes bem menores: cerca de 8% a menos no Descoberto e 21% a menos em Santa Maria. Para Ribeiro, essa diferen\u00e7a \u201cpode trazer tranquilidade\u201d, mas n\u00e3o deve significar acomoda\u00e7\u00e3o.<\/p>\n<p>Apesar do quadro mais favor\u00e1vel, Raimundo Ribeiro foi enf\u00e1tico ao afirmar que a \u00e1gua \u201c\u00e9 um bem finito\u201d e defendeu que a mudan\u00e7a de comportamento da popula\u00e7\u00e3o precisa ser permanente, e n\u00e3o apenas uma resposta a momentos de escassez. Ele fez quest\u00e3o de diferenciar economia de uso racional, defendendo que o objetivo n\u00e3o \u00e9 simplesmente economizar, mas utilizar a \u00e1gua \u201cde um modo bastante racional\u201d, permitindo m\u00faltiplos usos do recurso.<\/p>\n<p>O presidente da Adasa tamb\u00e9m descartou, por ora, qualquer cen\u00e1rio de racionamento no Distrito Federal. Segundo ele, n\u00e3o h\u00e1 hoje um quadro de crise \u00e0 vista, embora reconhe\u00e7a que o clima \u00e9 uma vari\u00e1vel de dif\u00edcil previsibilidade. Ainda assim, ele ressaltou que o trabalho da ag\u00eancia \u00e9 cont\u00ednuo e preventivo, e n\u00e3o reativo: \u201cN\u00f3s temos que prevenir\u201d, afirmou, ao explicar que a Adasa trabalha com cen\u00e1rios que se estendem at\u00e9 2050 para antecipar poss\u00edveis dificuldades no abastecimento.<\/p>\n<p>Ribeiro fez quest\u00e3o de resgatar a crise h\u00eddrica enfrentada pelo Distrito Federal entre 2016 e 2018, no governo Rollemberg, classificando o epis\u00f3dio como algo que \u201cpodia ter sido evitado\u201d caso medidas preventivas tivessem sido adotadas em tempo h\u00e1bil. Para o presidente da Adasa, o aprendizado daquele per\u00edodo refor\u00e7a a necessidade de que a capital, autodenominada por ele \u201cber\u00e7o das \u00e1guas\u201d, n\u00e3o volte a viver uma situa\u00e7\u00e3o semelhante.<\/p>\n<p><strong>Acompanhe ao Vozes da Comunidade na \u00edntegra:<\/strong><\/p>\n<div class=\"youtube-embed\" data-video_id=\"ZyPfUgu0W6o\"><iframe loading=\"lazy\" title=\"Vozes da Comunidade recebe, Raimundo Ribeiro, Presidente da ADASA.\" width=\"696\" height=\"392\" src=\"https:\/\/www.youtube.com\/embed\/ZyPfUgu0W6o?start=4669&#038;feature=oembed\" frameborder=\"0\" allow=\"accelerometer; autoplay; clipboard-write; encrypted-media; gyroscope; picture-in-picture; web-share\" referrerpolicy=\"strict-origin-when-cross-origin\" allowfullscreen sandbox=\"allow-scripts allow-same-origin\"><\/iframe><\/div>\n<p>O post <a href=\"https:\/\/midialternativa.com.br\/raimundo-ribeiro-diz-que-nao-ha-risco-de-racionamento-no-df-e-cobra-uso-racional-da-agua\/\">Raimundo Ribeiro diz que n\u00e3o h\u00e1 risco de racionamento no DF e cobra uso racional da \u00e1gua<\/a> apareceu primeiro em <a href=\"https:\/\/midialternativa.com.br\/\">Midia Alernativa<\/a>.<\/p>\n","protected":false},"excerpt":{"rendered":"<p>Nesta sexta-feira, 4 de setembro, o presidente da Ag\u00eancia Reguladora de \u00c1guas, Energia e Saneamento B\u00e1sico do Distrito Federal (Adasa), Raimundo Ribeiro, participou do programa Vozes da Comunidade. Na ocasi\u00e3o, trouxe informa\u00e7\u00f5es de qualidade \u00e0 popula\u00e7\u00e3o que acompanha a atra\u00e7\u00e3o apresentada pelo jornalista Toni Duarte. O Vozes da Comunidade tem sido um canal que fomenta [&hellip;]<\/p>\n","protected":false},"author":15,"featured_media":352000,"comment_status":"open","ping_status":"open","sticky":false,"template":"","format":"standard","meta":{"jnews-multi-image_gallery":[],"jnews_single_post":[],"jnews_primary_category":[],"jnews_override_bookmark_settings":[],"jnews_food_recipe":[],"enable_food_recipe":"","food_recipe_title":"","food_recipe_description":"","food_recipe_serve":"","food_recipe_time":"","food_recipe_prep":"","food_recipe_level":"","food_recipe_keywords":"","food_recipe_category":"","food_recipe_cuisine":"","food_recipe_yield":"","food_recipe_calories":"","enable_print_recipe":"","ingredient":[],"instruction":"","jnews_social_meta":[],"jnews_paywall_metabox":[],"jnews_review":[],"enable_review":"","type":"","name":"","summary":"","brand":"","sku":"","good":[],"bad":[],"score_override":"","override_value":"","rating":[],"price":[],"jnews_override_counter":[],"jnews_post_split":[],"jnews_podcast_option":[],"jnews_podcast_series":[],"footnotes":""},"categories":[81],"tags":[],"jnews-series":[],"class_list":["post-351999","post","type-post","status-publish","format-standard","has-post-thumbnail","hentry","category-brasilia"],"amp_enabled":true,"_links":{"self":[{"href":"https:\/\/tribunabrasilia.com.br\/2\/wp-json\/wp\/v2\/posts\/351999","targetHints":{"allow":["GET"]}}],"collection":[{"href":"https:\/\/tribunabrasilia.com.br\/2\/wp-json\/wp\/v2\/posts"}],"about":[{"href":"https:\/\/tribunabrasilia.com.br\/2\/wp-json\/wp\/v2\/types\/post"}],"author":[{"embeddable":true,"href":"https:\/\/tribunabrasilia.com.br\/2\/wp-json\/wp\/v2\/users\/15"}],"replies":[{"embeddable":true,"href":"https:\/\/tribunabrasilia.com.br\/2\/wp-json\/wp\/v2\/comments?post=351999"}],"version-history":[{"count":0,"href":"https:\/\/tribunabrasilia.com.br\/2\/wp-json\/wp\/v2\/posts\/351999\/revisions"}],"wp:featuredmedia":[{"embeddable":true,"href":"https:\/\/tribunabrasilia.com.br\/2\/wp-json\/wp\/v2\/media\/352000"}],"wp:attachment":[{"href":"https:\/\/tribunabrasilia.com.br\/2\/wp-json\/wp\/v2\/media?parent=351999"}],"wp:term":[{"taxonomy":"category","embeddable":true,"href":"https:\/\/tribunabrasilia.com.br\/2\/wp-json\/wp\/v2\/categories?post=351999"},{"taxonomy":"post_tag","embeddable":true,"href":"https:\/\/tribunabrasilia.com.br\/2\/wp-json\/wp\/v2\/tags?post=351999"},{"taxonomy":"jnews-series","embeddable":true,"href":"https:\/\/tribunabrasilia.com.br\/2\/wp-json\/wp\/v2\/jnews-series?post=351999"}],"curies":[{"name":"wp","href":"https:\/\/api.w.org\/{rel}","templated":true}]}}