{"id":351969,"date":"2026-09-05T00:31:41","date_gmt":"2026-09-05T03:31:41","guid":{"rendered":"https:\/\/tribunabrasilia.com.br\/2\/lito-sousa-cuidado-paliativo-trata-a-rotina-e-nao-significa-fim-da-vida\/"},"modified":"2026-09-05T00:31:41","modified_gmt":"2026-09-05T03:31:41","slug":"lito-sousa-cuidado-paliativo-trata-a-rotina-e-nao-significa-fim-da-vida","status":"publish","type":"post","link":"https:\/\/tribunabrasilia.com.br\/2\/lito-sousa-cuidado-paliativo-trata-a-rotina-e-nao-significa-fim-da-vida\/","title":{"rendered":"Lito Sousa: cuidado paliativo trata a rotina e n\u00e3o significa fim da vida"},"content":{"rendered":"<p>Apesar da fama, os cuidados paliativos n\u00e3o s\u00e3o indicados apenas para pacientes terminais e s\u00e3o respons\u00e1veis por trazer qualidade de vida<\/p>\n","protected":false},"excerpt":{"rendered":"<p>Apesar da fama, os cuidados paliativos n\u00e3o s\u00e3o indicados apenas para pacientes terminais e s\u00e3o respons\u00e1veis por trazer qualidade de vida<\/p>\n","protected":false},"author":15,"featured_media":351970,"comment_status":"open","ping_status":"open","sticky":false,"template":"","format":"standard","meta":{"jnews-multi-image_gallery":[],"jnews_single_post":[],"jnews_primary_category":[],"jnews_override_bookmark_settings":[],"jnews_food_recipe":[],"enable_food_recipe":"","food_recipe_title":"","food_recipe_description":"","food_recipe_serve":"","food_recipe_time":"","food_recipe_prep":"","food_recipe_level":"","food_recipe_keywords":"","food_recipe_category":"","food_recipe_cuisine":"","food_recipe_yield":"","food_recipe_calories":"","enable_print_recipe":"","ingredient":[],"instruction":"","jnews_social_meta":[],"jnews_paywall_metabox":[],"jnews_review":[],"enable_review":"","type":"","name":"","summary":"","brand":"","sku":"","good":[],"bad":[],"score_override":"","override_value":"","rating":[],"price":[],"jnews_override_counter":[],"jnews_post_split":[],"jnews_podcast_option":[],"jnews_podcast_series":[],"footnotes":""},"categories":[900],"tags":[],"jnews-series":[],"class_list":["post-351969","post","type-post","status-publish","format-standard","has-post-thumbnail","hentry","category-saude"],"amp_enabled":true,"_links":{"self":[{"href":"https:\/\/tribunabrasilia.com.br\/2\/wp-json\/wp\/v2\/posts\/351969","targetHints":{"allow":["GET"]}}],"collection":[{"href":"https:\/\/tribunabrasilia.com.br\/2\/wp-json\/wp\/v2\/posts"}],"about":[{"href":"https:\/\/tribunabrasilia.com.br\/2\/wp-json\/wp\/v2\/types\/post"}],"author":[{"embeddable":true,"href":"https:\/\/tribunabrasilia.com.br\/2\/wp-json\/wp\/v2\/users\/15"}],"replies":[{"embeddable":true,"href":"https:\/\/tribunabrasilia.com.br\/2\/wp-json\/wp\/v2\/comments?post=351969"}],"version-history":[{"count":0,"href":"https:\/\/tribunabrasilia.com.br\/2\/wp-json\/wp\/v2\/posts\/351969\/revisions"}],"wp:featuredmedia":[{"embeddable":true,"href":"https:\/\/tribunabrasilia.com.br\/2\/wp-json\/wp\/v2\/media\/351970"}],"wp:attachment":[{"href":"https:\/\/tribunabrasilia.com.br\/2\/wp-json\/wp\/v2\/media?parent=351969"}],"wp:term":[{"taxonomy":"category","embeddable":true,"href":"https:\/\/tribunabrasilia.com.br\/2\/wp-json\/wp\/v2\/categories?post=351969"},{"taxonomy":"post_tag","embeddable":true,"href":"https:\/\/tribunabrasilia.com.br\/2\/wp-json\/wp\/v2\/tags?post=351969"},{"taxonomy":"jnews-series","embeddable":true,"href":"https:\/\/tribunabrasilia.com.br\/2\/wp-json\/wp\/v2\/jnews-series?post=351969"}],"curies":[{"name":"wp","href":"https:\/\/api.w.org\/{rel}","templated":true}]}}