{"id":351959,"date":"2026-09-05T00:28:56","date_gmt":"2026-09-05T03:28:56","guid":{"rendered":"https:\/\/tribunabrasilia.com.br\/2\/pronunciamento-de-lula-no-7-de-setembro-traz-apelo-a-soberania-e-democracia\/"},"modified":"2026-09-05T00:28:56","modified_gmt":"2026-09-05T03:28:56","slug":"pronunciamento-de-lula-no-7-de-setembro-traz-apelo-a-soberania-e-democracia","status":"publish","type":"post","link":"https:\/\/tribunabrasilia.com.br\/2\/pronunciamento-de-lula-no-7-de-setembro-traz-apelo-a-soberania-e-democracia\/","title":{"rendered":"Pronunciamento de Lula no 7 de Setembro traz apelo \u00e0 soberania e democracia"},"content":{"rendered":"<p>Em pronunciamento no r\u00e1dio e na TV, Lula vai defender o livre com\u00e9rcio e dir\u00e1 que o Brasil n\u00e3o ser\u00e1 &#8220;col\u00f4nia de ningu\u00e9m&#8221;<\/p>\n","protected":false},"excerpt":{"rendered":"<p>Em pronunciamento no r\u00e1dio e na TV, Lula vai defender o livre com\u00e9rcio e dir\u00e1 que o Brasil n\u00e3o ser\u00e1 &#8220;col\u00f4nia de ningu\u00e9m&#8221;<\/p>\n","protected":false},"author":15,"featured_media":351960,"comment_status":"open","ping_status":"open","sticky":false,"template":"","format":"standard","meta":{"jnews-multi-image_gallery":[],"jnews_single_post":[],"jnews_primary_category":[],"jnews_override_bookmark_settings":[],"jnews_food_recipe":[],"enable_food_recipe":"","food_recipe_title":"","food_recipe_description":"","food_recipe_serve":"","food_recipe_time":"","food_recipe_prep":"","food_recipe_level":"","food_recipe_keywords":"","food_recipe_category":"","food_recipe_cuisine":"","food_recipe_yield":"","food_recipe_calories":"","enable_print_recipe":"","ingredient":[],"instruction":"","jnews_social_meta":[],"jnews_paywall_metabox":[],"jnews_review":[],"enable_review":"","type":"","name":"","summary":"","brand":"","sku":"","good":[],"bad":[],"score_override":"","override_value":"","rating":[],"price":[],"jnews_override_counter":[],"jnews_post_split":[],"jnews_podcast_option":[],"jnews_podcast_series":[],"footnotes":""},"categories":[2],"tags":[],"jnews-series":[],"class_list":["post-351959","post","type-post","status-publish","format-standard","has-post-thumbnail","hentry","category-brasil"],"amp_enabled":true,"_links":{"self":[{"href":"https:\/\/tribunabrasilia.com.br\/2\/wp-json\/wp\/v2\/posts\/351959","targetHints":{"allow":["GET"]}}],"collection":[{"href":"https:\/\/tribunabrasilia.com.br\/2\/wp-json\/wp\/v2\/posts"}],"about":[{"href":"https:\/\/tribunabrasilia.com.br\/2\/wp-json\/wp\/v2\/types\/post"}],"author":[{"embeddable":true,"href":"https:\/\/tribunabrasilia.com.br\/2\/wp-json\/wp\/v2\/users\/15"}],"replies":[{"embeddable":true,"href":"https:\/\/tribunabrasilia.com.br\/2\/wp-json\/wp\/v2\/comments?post=351959"}],"version-history":[{"count":0,"href":"https:\/\/tribunabrasilia.com.br\/2\/wp-json\/wp\/v2\/posts\/351959\/revisions"}],"wp:featuredmedia":[{"embeddable":true,"href":"https:\/\/tribunabrasilia.com.br\/2\/wp-json\/wp\/v2\/media\/351960"}],"wp:attachment":[{"href":"https:\/\/tribunabrasilia.com.br\/2\/wp-json\/wp\/v2\/media?parent=351959"}],"wp:term":[{"taxonomy":"category","embeddable":true,"href":"https:\/\/tribunabrasilia.com.br\/2\/wp-json\/wp\/v2\/categories?post=351959"},{"taxonomy":"post_tag","embeddable":true,"href":"https:\/\/tribunabrasilia.com.br\/2\/wp-json\/wp\/v2\/tags?post=351959"},{"taxonomy":"jnews-series","embeddable":true,"href":"https:\/\/tribunabrasilia.com.br\/2\/wp-json\/wp\/v2\/jnews-series?post=351959"}],"curies":[{"name":"wp","href":"https:\/\/api.w.org\/{rel}","templated":true}]}}