{"id":351949,"date":"2026-09-05T00:29:01","date_gmt":"2026-09-05T03:29:01","guid":{"rendered":"https:\/\/tribunabrasilia.com.br\/2\/nikolas-ferreira-apos-ser-atingido-por-ovada-nas-costas-sou-antiovos\/"},"modified":"2026-09-05T00:29:01","modified_gmt":"2026-09-05T03:29:01","slug":"nikolas-ferreira-apos-ser-atingido-por-ovada-nas-costas-sou-antiovos","status":"publish","type":"post","link":"https:\/\/tribunabrasilia.com.br\/2\/nikolas-ferreira-apos-ser-atingido-por-ovada-nas-costas-sou-antiovos\/","title":{"rendered":"Nikolas Ferreira ap\u00f3s ser atingido por ovada nas costas: &#8220;Sou antiovos&#8221;"},"content":{"rendered":"<p>Imagens mostram um dos ovos acertando as costas de Nikolas que, irritado com a situa\u00e7\u00e3o, pede para as pessoas irem atr\u00e1s do homem<\/p>\n","protected":false},"excerpt":{"rendered":"<p>Imagens mostram um dos ovos acertando as costas de Nikolas que, irritado com a situa\u00e7\u00e3o, pede para as pessoas irem atr\u00e1s do homem<\/p>\n","protected":false},"author":15,"featured_media":351950,"comment_status":"open","ping_status":"open","sticky":false,"template":"","format":"standard","meta":{"jnews-multi-image_gallery":[],"jnews_single_post":[],"jnews_primary_category":[],"jnews_override_bookmark_settings":[],"jnews_food_recipe":[],"enable_food_recipe":"","food_recipe_title":"","food_recipe_description":"","food_recipe_serve":"","food_recipe_time":"","food_recipe_prep":"","food_recipe_level":"","food_recipe_keywords":"","food_recipe_category":"","food_recipe_cuisine":"","food_recipe_yield":"","food_recipe_calories":"","enable_print_recipe":"","ingredient":[],"instruction":"","jnews_social_meta":[],"jnews_paywall_metabox":[],"jnews_review":[],"enable_review":"","type":"","name":"","summary":"","brand":"","sku":"","good":[],"bad":[],"score_override":"","override_value":"","rating":[],"price":[],"jnews_override_counter":[],"jnews_post_split":[],"jnews_podcast_option":[],"jnews_podcast_series":[],"footnotes":""},"categories":[2],"tags":[],"jnews-series":[],"class_list":["post-351949","post","type-post","status-publish","format-standard","has-post-thumbnail","hentry","category-brasil"],"amp_enabled":true,"_links":{"self":[{"href":"https:\/\/tribunabrasilia.com.br\/2\/wp-json\/wp\/v2\/posts\/351949","targetHints":{"allow":["GET"]}}],"collection":[{"href":"https:\/\/tribunabrasilia.com.br\/2\/wp-json\/wp\/v2\/posts"}],"about":[{"href":"https:\/\/tribunabrasilia.com.br\/2\/wp-json\/wp\/v2\/types\/post"}],"author":[{"embeddable":true,"href":"https:\/\/tribunabrasilia.com.br\/2\/wp-json\/wp\/v2\/users\/15"}],"replies":[{"embeddable":true,"href":"https:\/\/tribunabrasilia.com.br\/2\/wp-json\/wp\/v2\/comments?post=351949"}],"version-history":[{"count":0,"href":"https:\/\/tribunabrasilia.com.br\/2\/wp-json\/wp\/v2\/posts\/351949\/revisions"}],"wp:featuredmedia":[{"embeddable":true,"href":"https:\/\/tribunabrasilia.com.br\/2\/wp-json\/wp\/v2\/media\/351950"}],"wp:attachment":[{"href":"https:\/\/tribunabrasilia.com.br\/2\/wp-json\/wp\/v2\/media?parent=351949"}],"wp:term":[{"taxonomy":"category","embeddable":true,"href":"https:\/\/tribunabrasilia.com.br\/2\/wp-json\/wp\/v2\/categories?post=351949"},{"taxonomy":"post_tag","embeddable":true,"href":"https:\/\/tribunabrasilia.com.br\/2\/wp-json\/wp\/v2\/tags?post=351949"},{"taxonomy":"jnews-series","embeddable":true,"href":"https:\/\/tribunabrasilia.com.br\/2\/wp-json\/wp\/v2\/jnews-series?post=351949"}],"curies":[{"name":"wp","href":"https:\/\/api.w.org\/{rel}","templated":true}]}}