{"id":351941,"date":"2026-09-05T00:28:43","date_gmt":"2026-09-05T03:28:43","guid":{"rendered":"https:\/\/tribunabrasilia.com.br\/2\/celina-leao-reforca-atuacao-contra-criminalidade-e-destaca-avancos-no-acolhimento-no-df\/"},"modified":"2026-09-05T00:28:43","modified_gmt":"2026-09-05T03:28:43","slug":"celina-leao-reforca-atuacao-contra-criminalidade-e-destaca-avancos-no-acolhimento-no-df","status":"publish","type":"post","link":"https:\/\/tribunabrasilia.com.br\/2\/celina-leao-reforca-atuacao-contra-criminalidade-e-destaca-avancos-no-acolhimento-no-df\/","title":{"rendered":"Celina Le\u00e3o refor\u00e7a atua\u00e7\u00e3o contra criminalidade e destaca avan\u00e7os no acolhimento no DF"},"content":{"rendered":"<p><img width=\"675\" height=\"450\" src=\"https:\/\/midialternativa.com.br\/wp-content\/uploads\/2026\/09\/1_whatsapp-image-2026-08-11-at-17-19-29-2-67394263.webp\" class=\"attachment-post-thumbnail size-post-thumbnail wp-post-image\" alt=\"\" decoding=\"async\" srcset=\"https:\/\/midialternativa.com.br\/wp-content\/uploads\/2026\/09\/1_whatsapp-image-2026-08-11-at-17-19-29-2-67394263.webp 675w, https:\/\/midialternativa.com.br\/wp-content\/uploads\/2026\/09\/1_whatsapp-image-2026-08-11-at-17-19-29-2-67394263-300x200.webp 300w, https:\/\/midialternativa.com.br\/wp-content\/uploads\/2026\/09\/1_whatsapp-image-2026-08-11-at-17-19-29-2-67394263-150x100.webp 150w, https:\/\/midialternativa.com.br\/wp-content\/uploads\/2026\/09\/1_whatsapp-image-2026-08-11-at-17-19-29-2-67394263-219x146.webp 219w\" sizes=\"(max-width: 675px) 100vw, 675px\"><\/p>\n<p>A governadora Celina Le\u00e3o colocou as a\u00e7\u00f5es realizadas pelo Governo do Distrito Federal no centro da resposta \u00e0s cr\u00edticas sobre a popula\u00e7\u00e3o em situa\u00e7\u00e3o de rua. Ap\u00f3s encontro com empres\u00e1rios dos setores de alimenta\u00e7\u00e3o e entretenimento, ela destacou interven\u00e7\u00f5es em \u00e1reas afetadas pelo consumo de drogas e pela criminalidade, al\u00e9m do avan\u00e7o de medidas voltadas ao acolhimento.<\/p>\n<p>Ao abordar o tema, Celina citou a atua\u00e7\u00e3o do governo na regi\u00e3o conhecida como \u201cburaco do rato\u201d, na \u00e1rea central de Bras\u00edlia. Formado por becos utilizados para o consumo de drogas, o local recebeu interven\u00e7\u00e3o do poder p\u00fablico com o objetivo de combater a criminalidade e recuperar os espa\u00e7os para a popula\u00e7\u00e3o.<\/p>\n<p>Segundo a governadora, a atual gest\u00e3o foi respons\u00e1vel pela interven\u00e7\u00e3o na \u00e1rea, pela intensifica\u00e7\u00e3o do combate \u00e0 criminalidade e pelas a\u00e7\u00f5es destinadas a devolver \u00e0 popula\u00e7\u00e3o espa\u00e7os que haviam sido ocupados pelo consumo de drogas.<\/p>\n<p>Celina apresentou a iniciativa como exemplo da postura adotada pelo governo diante de problemas que envolvem seguran\u00e7a p\u00fablica, depend\u00eancia qu\u00edmica, vulnerabilidade social e ocupa\u00e7\u00e3o dos espa\u00e7os urbanos.<\/p>\n<p>A governadora tamb\u00e9m destacou os avan\u00e7os na cria\u00e7\u00e3o de alternativas de atendimento, mesmo diante de resist\u00eancia pol\u00edtica. Entre os pontos citados est\u00e1 a discuss\u00e3o sobre a interna\u00e7\u00e3o involunt\u00e1ria, medida que enfrentou oposi\u00e7\u00e3o de bancadas de esquerda.<\/p>\n<p>Celina afirmou ainda que a\u00e7\u00f5es promovidas pelo governo chegaram a ser classificadas pelos advers\u00e1rios como \u201chigienistas\u201d. Apesar das cr\u00edticas, a gest\u00e3o conseguiu aprovar uma lei que instituiu um novo programa de acolhimento para pessoas em situa\u00e7\u00e3o de rua.<\/p>\n<p>Na avalia\u00e7\u00e3o da governadora, enfrentar o problema exige a presen\u00e7a do poder p\u00fablico em diferentes frentes, combinando assist\u00eancia com medidas destinadas a refor\u00e7ar a seguran\u00e7a e garantir que os espa\u00e7os p\u00fablicos possam ser utilizados pela popula\u00e7\u00e3o.<\/p>\n<p>O encontro com empres\u00e1rios tamb\u00e9m abriu caminho para discuss\u00f5es sobre a valoriza\u00e7\u00e3o de importantes equipamentos da capital. Celina informou que o GDF avalia parcerias com a iniciativa privada para a gest\u00e3o de espa\u00e7os como a Torre de TV e o Aut\u00f3dromo de Bras\u00edlia.<\/p>\n<p>A governadora ressaltou, por\u00e9m, que qualquer avan\u00e7o nesse sentido dever\u00e1 preservar a voca\u00e7\u00e3o tur\u00edstica desses locais e os interesses da popula\u00e7\u00e3o. A proposta \u00e9 buscar modelos capazes de fortalecer os equipamentos sem afast\u00e1-los de sua fun\u00e7\u00e3o p\u00fablica.<\/p>\n<p>Com essas iniciativas, Celina refor\u00e7ou uma linha de gest\u00e3o voltada \u00e0 recupera\u00e7\u00e3o dos espa\u00e7os urbanos, ao enfrentamento de problemas relacionados \u00e0 seguran\u00e7a p\u00fablica e \u00e0 busca por alternativas para ampliar o acolhimento e valorizar pontos estrat\u00e9gicos de Bras\u00edlia.<\/p>\n<p>O post <a href=\"https:\/\/midialternativa.com.br\/celina-leao-reforca-atuacao-contra-criminalidade-e-destaca-avancos-no-acolhimento-no-df\/\">Celina Le\u00e3o refor\u00e7a atua\u00e7\u00e3o contra criminalidade e destaca avan\u00e7os no acolhimento no DF<\/a> apareceu primeiro em <a href=\"https:\/\/midialternativa.com.br\/\">Midia Alernativa<\/a>.<\/p>\n","protected":false},"excerpt":{"rendered":"<p>A governadora Celina Le\u00e3o colocou as a\u00e7\u00f5es realizadas pelo Governo do Distrito Federal no centro da resposta \u00e0s cr\u00edticas sobre a popula\u00e7\u00e3o em situa\u00e7\u00e3o de rua. Ap\u00f3s encontro com empres\u00e1rios dos setores de alimenta\u00e7\u00e3o e entretenimento, ela destacou interven\u00e7\u00f5es em \u00e1reas afetadas pelo consumo de drogas e pela criminalidade, al\u00e9m do avan\u00e7o de medidas voltadas [&hellip;]<\/p>\n","protected":false},"author":15,"featured_media":351942,"comment_status":"open","ping_status":"open","sticky":false,"template":"","format":"standard","meta":{"jnews-multi-image_gallery":[],"jnews_single_post":[],"jnews_primary_category":[],"jnews_override_bookmark_settings":[],"jnews_food_recipe":[],"enable_food_recipe":"","food_recipe_title":"","food_recipe_description":"","food_recipe_serve":"","food_recipe_time":"","food_recipe_prep":"","food_recipe_level":"","food_recipe_keywords":"","food_recipe_category":"","food_recipe_cuisine":"","food_recipe_yield":"","food_recipe_calories":"","enable_print_recipe":"","ingredient":[],"instruction":"","jnews_social_meta":[],"jnews_paywall_metabox":[],"jnews_review":[],"enable_review":"","type":"","name":"","summary":"","brand":"","sku":"","good":[],"bad":[],"score_override":"","override_value":"","rating":[],"price":[],"jnews_override_counter":[],"jnews_post_split":[],"jnews_podcast_option":[],"jnews_podcast_series":[],"footnotes":""},"categories":[81],"tags":[],"jnews-series":[],"class_list":["post-351941","post","type-post","status-publish","format-standard","has-post-thumbnail","hentry","category-brasilia"],"amp_enabled":true,"_links":{"self":[{"href":"https:\/\/tribunabrasilia.com.br\/2\/wp-json\/wp\/v2\/posts\/351941","targetHints":{"allow":["GET"]}}],"collection":[{"href":"https:\/\/tribunabrasilia.com.br\/2\/wp-json\/wp\/v2\/posts"}],"about":[{"href":"https:\/\/tribunabrasilia.com.br\/2\/wp-json\/wp\/v2\/types\/post"}],"author":[{"embeddable":true,"href":"https:\/\/tribunabrasilia.com.br\/2\/wp-json\/wp\/v2\/users\/15"}],"replies":[{"embeddable":true,"href":"https:\/\/tribunabrasilia.com.br\/2\/wp-json\/wp\/v2\/comments?post=351941"}],"version-history":[{"count":0,"href":"https:\/\/tribunabrasilia.com.br\/2\/wp-json\/wp\/v2\/posts\/351941\/revisions"}],"wp:featuredmedia":[{"embeddable":true,"href":"https:\/\/tribunabrasilia.com.br\/2\/wp-json\/wp\/v2\/media\/351942"}],"wp:attachment":[{"href":"https:\/\/tribunabrasilia.com.br\/2\/wp-json\/wp\/v2\/media?parent=351941"}],"wp:term":[{"taxonomy":"category","embeddable":true,"href":"https:\/\/tribunabrasilia.com.br\/2\/wp-json\/wp\/v2\/categories?post=351941"},{"taxonomy":"post_tag","embeddable":true,"href":"https:\/\/tribunabrasilia.com.br\/2\/wp-json\/wp\/v2\/tags?post=351941"},{"taxonomy":"jnews-series","embeddable":true,"href":"https:\/\/tribunabrasilia.com.br\/2\/wp-json\/wp\/v2\/jnews-series?post=351941"}],"curies":[{"name":"wp","href":"https:\/\/api.w.org\/{rel}","templated":true}]}}