{"id":351923,"date":"2026-09-03T23:32:00","date_gmt":"2026-09-04T02:32:00","guid":{"rendered":"https:\/\/tribunabrasilia.com.br\/2\/medula-ossea-do-cranio-pode-estar-ligada-a-dor-cronica-aponta-estudo\/"},"modified":"2026-09-03T23:32:00","modified_gmt":"2026-09-04T02:32:00","slug":"medula-ossea-do-cranio-pode-estar-ligada-a-dor-cronica-aponta-estudo","status":"publish","type":"post","link":"https:\/\/tribunabrasilia.com.br\/2\/medula-ossea-do-cranio-pode-estar-ligada-a-dor-cronica-aponta-estudo\/","title":{"rendered":"Medula \u00f3ssea do cr\u00e2nio pode estar ligada \u00e0 dor cr\u00f4nica, aponta estudo"},"content":{"rendered":"<p>Pesquisa com exames de imagem identifica atividade imune elevada no cr\u00e2nio de pacientes com dor e rela\u00e7\u00e3o com intensidade dos sintomas<\/p>\n","protected":false},"excerpt":{"rendered":"<p>Pesquisa com exames de imagem identifica atividade imune elevada no cr\u00e2nio de pacientes com dor e rela\u00e7\u00e3o com intensidade dos sintomas<\/p>\n","protected":false},"author":15,"featured_media":351924,"comment_status":"open","ping_status":"open","sticky":false,"template":"","format":"standard","meta":{"jnews-multi-image_gallery":[],"jnews_single_post":[],"jnews_primary_category":[],"jnews_override_bookmark_settings":[],"jnews_food_recipe":[],"enable_food_recipe":"","food_recipe_title":"","food_recipe_description":"","food_recipe_serve":"","food_recipe_time":"","food_recipe_prep":"","food_recipe_level":"","food_recipe_keywords":"","food_recipe_category":"","food_recipe_cuisine":"","food_recipe_yield":"","food_recipe_calories":"","enable_print_recipe":"","ingredient":[],"instruction":"","jnews_social_meta":[],"jnews_paywall_metabox":[],"jnews_review":[],"enable_review":"","type":"","name":"","summary":"","brand":"","sku":"","good":[],"bad":[],"score_override":"","override_value":"","rating":[],"price":[],"jnews_override_counter":[],"jnews_post_split":[],"jnews_podcast_option":[],"jnews_podcast_series":[],"footnotes":""},"categories":[900],"tags":[],"jnews-series":[],"class_list":["post-351923","post","type-post","status-publish","format-standard","has-post-thumbnail","hentry","category-saude"],"amp_enabled":true,"_links":{"self":[{"href":"https:\/\/tribunabrasilia.com.br\/2\/wp-json\/wp\/v2\/posts\/351923","targetHints":{"allow":["GET"]}}],"collection":[{"href":"https:\/\/tribunabrasilia.com.br\/2\/wp-json\/wp\/v2\/posts"}],"about":[{"href":"https:\/\/tribunabrasilia.com.br\/2\/wp-json\/wp\/v2\/types\/post"}],"author":[{"embeddable":true,"href":"https:\/\/tribunabrasilia.com.br\/2\/wp-json\/wp\/v2\/users\/15"}],"replies":[{"embeddable":true,"href":"https:\/\/tribunabrasilia.com.br\/2\/wp-json\/wp\/v2\/comments?post=351923"}],"version-history":[{"count":0,"href":"https:\/\/tribunabrasilia.com.br\/2\/wp-json\/wp\/v2\/posts\/351923\/revisions"}],"wp:featuredmedia":[{"embeddable":true,"href":"https:\/\/tribunabrasilia.com.br\/2\/wp-json\/wp\/v2\/media\/351924"}],"wp:attachment":[{"href":"https:\/\/tribunabrasilia.com.br\/2\/wp-json\/wp\/v2\/media?parent=351923"}],"wp:term":[{"taxonomy":"category","embeddable":true,"href":"https:\/\/tribunabrasilia.com.br\/2\/wp-json\/wp\/v2\/categories?post=351923"},{"taxonomy":"post_tag","embeddable":true,"href":"https:\/\/tribunabrasilia.com.br\/2\/wp-json\/wp\/v2\/tags?post=351923"},{"taxonomy":"jnews-series","embeddable":true,"href":"https:\/\/tribunabrasilia.com.br\/2\/wp-json\/wp\/v2\/jnews-series?post=351923"}],"curies":[{"name":"wp","href":"https:\/\/api.w.org\/{rel}","templated":true}]}}