{"id":351907,"date":"2026-09-03T23:29:06","date_gmt":"2026-09-04T02:29:06","guid":{"rendered":"https:\/\/tribunabrasilia.com.br\/2\/marinho-critica-acao-de-moraes-contra-mendonca-inversao-intoleravel\/"},"modified":"2026-09-03T23:29:06","modified_gmt":"2026-09-04T02:29:06","slug":"marinho-critica-acao-de-moraes-contra-mendonca-inversao-intoleravel","status":"publish","type":"post","link":"https:\/\/tribunabrasilia.com.br\/2\/marinho-critica-acao-de-moraes-contra-mendonca-inversao-intoleravel\/","title":{"rendered":"Marinho critica a\u00e7\u00e3o de Moraes contra Mendon\u00e7a: \u201cInvers\u00e3o intoler\u00e1vel&#8221;"},"content":{"rendered":"<p>L\u00edder da oposi\u00e7\u00e3o no Senado, Rog\u00e9rio Marinho (PL) criticou o uso do Inqu\u00e9rito das Fakes News pelo ministro Alexandre de Moraes, do STF<\/p>\n","protected":false},"excerpt":{"rendered":"<p>L\u00edder da oposi\u00e7\u00e3o no Senado, Rog\u00e9rio Marinho (PL) criticou o uso do Inqu\u00e9rito das Fakes News pelo ministro Alexandre de Moraes, do STF<\/p>\n","protected":false},"author":15,"featured_media":351908,"comment_status":"open","ping_status":"open","sticky":false,"template":"","format":"standard","meta":{"jnews-multi-image_gallery":[],"jnews_single_post":[],"jnews_primary_category":[],"jnews_override_bookmark_settings":[],"jnews_food_recipe":[],"enable_food_recipe":"","food_recipe_title":"","food_recipe_description":"","food_recipe_serve":"","food_recipe_time":"","food_recipe_prep":"","food_recipe_level":"","food_recipe_keywords":"","food_recipe_category":"","food_recipe_cuisine":"","food_recipe_yield":"","food_recipe_calories":"","enable_print_recipe":"","ingredient":[],"instruction":"","jnews_social_meta":[],"jnews_paywall_metabox":[],"jnews_review":[],"enable_review":"","type":"","name":"","summary":"","brand":"","sku":"","good":[],"bad":[],"score_override":"","override_value":"","rating":[],"price":[],"jnews_override_counter":[],"jnews_post_split":[],"jnews_podcast_option":[],"jnews_podcast_series":[],"footnotes":""},"categories":[2],"tags":[],"jnews-series":[],"class_list":["post-351907","post","type-post","status-publish","format-standard","has-post-thumbnail","hentry","category-brasil"],"amp_enabled":true,"_links":{"self":[{"href":"https:\/\/tribunabrasilia.com.br\/2\/wp-json\/wp\/v2\/posts\/351907","targetHints":{"allow":["GET"]}}],"collection":[{"href":"https:\/\/tribunabrasilia.com.br\/2\/wp-json\/wp\/v2\/posts"}],"about":[{"href":"https:\/\/tribunabrasilia.com.br\/2\/wp-json\/wp\/v2\/types\/post"}],"author":[{"embeddable":true,"href":"https:\/\/tribunabrasilia.com.br\/2\/wp-json\/wp\/v2\/users\/15"}],"replies":[{"embeddable":true,"href":"https:\/\/tribunabrasilia.com.br\/2\/wp-json\/wp\/v2\/comments?post=351907"}],"version-history":[{"count":0,"href":"https:\/\/tribunabrasilia.com.br\/2\/wp-json\/wp\/v2\/posts\/351907\/revisions"}],"wp:featuredmedia":[{"embeddable":true,"href":"https:\/\/tribunabrasilia.com.br\/2\/wp-json\/wp\/v2\/media\/351908"}],"wp:attachment":[{"href":"https:\/\/tribunabrasilia.com.br\/2\/wp-json\/wp\/v2\/media?parent=351907"}],"wp:term":[{"taxonomy":"category","embeddable":true,"href":"https:\/\/tribunabrasilia.com.br\/2\/wp-json\/wp\/v2\/categories?post=351907"},{"taxonomy":"post_tag","embeddable":true,"href":"https:\/\/tribunabrasilia.com.br\/2\/wp-json\/wp\/v2\/tags?post=351907"},{"taxonomy":"jnews-series","embeddable":true,"href":"https:\/\/tribunabrasilia.com.br\/2\/wp-json\/wp\/v2\/jnews-series?post=351907"}],"curies":[{"name":"wp","href":"https:\/\/api.w.org\/{rel}","templated":true}]}}