{"id":351899,"date":"2026-09-03T23:28:38","date_gmt":"2026-09-04T02:28:38","guid":{"rendered":"https:\/\/tribunabrasilia.com.br\/2\/celina-afirma-que-df-ampliou-rede-cicloviaria-em-200-km-desde-que-assumiu-governo\/"},"modified":"2026-09-03T23:28:38","modified_gmt":"2026-09-04T02:28:38","slug":"celina-afirma-que-df-ampliou-rede-cicloviaria-em-200-km-desde-que-assumiu-governo","status":"publish","type":"post","link":"https:\/\/tribunabrasilia.com.br\/2\/celina-afirma-que-df-ampliou-rede-cicloviaria-em-200-km-desde-que-assumiu-governo\/","title":{"rendered":"Celina afirma que DF ampliou rede ciclovi\u00e1ria em 200 km desde que assumiu governo"},"content":{"rendered":"<p><img width=\"675\" height=\"450\" src=\"https:\/\/midialternativa.com.br\/wp-content\/uploads\/2026\/09\/1_whatsapp-image-2026-09-02-at-09-33-56-1-67584366.webp\" class=\"attachment-post-thumbnail size-post-thumbnail wp-post-image\" alt=\"\" decoding=\"async\" loading=\"lazy\" srcset=\"https:\/\/midialternativa.com.br\/wp-content\/uploads\/2026\/09\/1_whatsapp-image-2026-09-02-at-09-33-56-1-67584366.webp 675w, https:\/\/midialternativa.com.br\/wp-content\/uploads\/2026\/09\/1_whatsapp-image-2026-09-02-at-09-33-56-1-67584366-300x200.webp 300w, https:\/\/midialternativa.com.br\/wp-content\/uploads\/2026\/09\/1_whatsapp-image-2026-09-02-at-09-33-56-1-67584366-150x100.webp 150w, https:\/\/midialternativa.com.br\/wp-content\/uploads\/2026\/09\/1_whatsapp-image-2026-09-02-at-09-33-56-1-67584366-219x146.webp 219w\" sizes=\"auto, (max-width: 675px) 100vw, 675px\"><\/p>\n<p>Em quatro meses, a gest\u00e3o de Celina Le\u00e3o (PP) ampliou em 200 quil\u00f4metros a malha ciclovi\u00e1ria do Distrito Federal, segundo balan\u00e7o apresentado pela governadora e candidata \u00e0 reelei\u00e7\u00e3o. O n\u00famero corresponde a 40% dos cerca de 500 quil\u00f4metros que, conforme afirmou, haviam sido implantados na capital antes de ela assumir o comando do Executivo.<\/p>\n<p>Celina apresentou os dados durante uma sabatina na sede da Associa\u00e7\u00e3o Brasiliense de Construtores (Asbraco). Ao falar sobre infraestrutura urbana, a governadora destacou a velocidade das entregas e classificou como recorde o per\u00edodo necess\u00e1rio para acrescentar os novos trechos \u00e0 rede existente.<\/p>\n<p>A expans\u00e3o das ciclovias foi citada por Celina como exemplo do modelo que pretende adotar nas interven\u00e7\u00f5es realizadas pelo governo. A candidata defendeu que uma obra p\u00fablica n\u00e3o se limite \u00e0 execu\u00e7\u00e3o de sua estrutura principal, mas seja acompanhada de melhorias no entorno.<\/p>\n<p>Nesse modelo, segundo explicou, os projetos devem contemplar cal\u00e7amento adequado, ilumina\u00e7\u00e3o p\u00fablica de qualidade e servi\u00e7os essenciais funcionando corretamente. A inten\u00e7\u00e3o, conforme defendeu durante o encontro, \u00e9 entregar interven\u00e7\u00f5es completas e prontas para serem utilizadas pela popula\u00e7\u00e3o.<\/p>\n<p>Celina tamb\u00e9m apresentou a bicicleta como parte de uma estrat\u00e9gia que ultrapassa a discuss\u00e3o sobre tr\u00e2nsito e deslocamento. Na avalia\u00e7\u00e3o da governadora, investir em ciclovias significa criar espa\u00e7os que favore\u00e7am a pr\u00e1tica de exerc\u00edcios, aproximem diferentes regi\u00f5es e contribuam para tornar a cidade mais organizada e agrad\u00e1vel.<\/p>\n<p>Ao defender a continuidade desse tipo de investimento, a candidata associou a expans\u00e3o da rede ciclovi\u00e1ria a uma vis\u00e3o mais ampla de desenvolvimento urbano, na qual mobilidade, sa\u00fade, integra\u00e7\u00e3o, paisagismo e qualidade de vida caminham junto \u00e0s obras de infraestrutura.<\/p>\n<p>O post <a href=\"https:\/\/midialternativa.com.br\/celina-afirma-que-df-ampliou-rede-cicloviaria-em-200-km-desde-que-assumiu-governo\/\">Celina afirma que DF ampliou rede ciclovi\u00e1ria em 200 km desde que assumiu governo<\/a> apareceu primeiro em <a href=\"https:\/\/midialternativa.com.br\/\">Midia Alernativa<\/a>.<\/p>\n","protected":false},"excerpt":{"rendered":"<p>Em quatro meses, a gest\u00e3o de Celina Le\u00e3o (PP) ampliou em 200 quil\u00f4metros a malha ciclovi\u00e1ria do Distrito Federal, segundo balan\u00e7o apresentado pela governadora e candidata \u00e0 reelei\u00e7\u00e3o. O n\u00famero corresponde a 40% dos cerca de 500 quil\u00f4metros que, conforme afirmou, haviam sido implantados na capital antes de ela assumir o comando do Executivo. Celina [&hellip;]<\/p>\n","protected":false},"author":15,"featured_media":351900,"comment_status":"open","ping_status":"open","sticky":false,"template":"","format":"standard","meta":{"jnews-multi-image_gallery":[],"jnews_single_post":[],"jnews_primary_category":[],"jnews_override_bookmark_settings":[],"jnews_food_recipe":[],"enable_food_recipe":"","food_recipe_title":"","food_recipe_description":"","food_recipe_serve":"","food_recipe_time":"","food_recipe_prep":"","food_recipe_level":"","food_recipe_keywords":"","food_recipe_category":"","food_recipe_cuisine":"","food_recipe_yield":"","food_recipe_calories":"","enable_print_recipe":"","ingredient":[],"instruction":"","jnews_social_meta":[],"jnews_paywall_metabox":[],"jnews_review":[],"enable_review":"","type":"","name":"","summary":"","brand":"","sku":"","good":[],"bad":[],"score_override":"","override_value":"","rating":[],"price":[],"jnews_override_counter":[],"jnews_post_split":[],"jnews_podcast_option":[],"jnews_podcast_series":[],"footnotes":""},"categories":[81],"tags":[],"jnews-series":[],"class_list":["post-351899","post","type-post","status-publish","format-standard","has-post-thumbnail","hentry","category-brasilia"],"amp_enabled":true,"_links":{"self":[{"href":"https:\/\/tribunabrasilia.com.br\/2\/wp-json\/wp\/v2\/posts\/351899","targetHints":{"allow":["GET"]}}],"collection":[{"href":"https:\/\/tribunabrasilia.com.br\/2\/wp-json\/wp\/v2\/posts"}],"about":[{"href":"https:\/\/tribunabrasilia.com.br\/2\/wp-json\/wp\/v2\/types\/post"}],"author":[{"embeddable":true,"href":"https:\/\/tribunabrasilia.com.br\/2\/wp-json\/wp\/v2\/users\/15"}],"replies":[{"embeddable":true,"href":"https:\/\/tribunabrasilia.com.br\/2\/wp-json\/wp\/v2\/comments?post=351899"}],"version-history":[{"count":0,"href":"https:\/\/tribunabrasilia.com.br\/2\/wp-json\/wp\/v2\/posts\/351899\/revisions"}],"wp:featuredmedia":[{"embeddable":true,"href":"https:\/\/tribunabrasilia.com.br\/2\/wp-json\/wp\/v2\/media\/351900"}],"wp:attachment":[{"href":"https:\/\/tribunabrasilia.com.br\/2\/wp-json\/wp\/v2\/media?parent=351899"}],"wp:term":[{"taxonomy":"category","embeddable":true,"href":"https:\/\/tribunabrasilia.com.br\/2\/wp-json\/wp\/v2\/categories?post=351899"},{"taxonomy":"post_tag","embeddable":true,"href":"https:\/\/tribunabrasilia.com.br\/2\/wp-json\/wp\/v2\/tags?post=351899"},{"taxonomy":"jnews-series","embeddable":true,"href":"https:\/\/tribunabrasilia.com.br\/2\/wp-json\/wp\/v2\/jnews-series?post=351899"}],"curies":[{"name":"wp","href":"https:\/\/api.w.org\/{rel}","templated":true}]}}