{"id":351897,"date":"2026-09-03T23:28:39","date_gmt":"2026-09-04T02:28:39","guid":{"rendered":"https:\/\/tribunabrasilia.com.br\/2\/cultura-viva-prepara-novo-edital-para-grupos-e-coletivos-culturais-do-df\/"},"modified":"2026-09-03T23:28:39","modified_gmt":"2026-09-04T02:28:39","slug":"cultura-viva-prepara-novo-edital-para-grupos-e-coletivos-culturais-do-df","status":"publish","type":"post","link":"https:\/\/tribunabrasilia.com.br\/2\/cultura-viva-prepara-novo-edital-para-grupos-e-coletivos-culturais-do-df\/","title":{"rendered":"Cultura Viva prepara novo edital para grupos e coletivos culturais do DF"},"content":{"rendered":"<p><img width=\"686\" height=\"480\" src=\"https:\/\/midialternativa.com.br\/wp-content\/uploads\/2026\/09\/Sem-titulo.png\" class=\"attachment-post-thumbnail size-post-thumbnail wp-post-image\" alt=\"\" decoding=\"async\" srcset=\"https:\/\/midialternativa.com.br\/wp-content\/uploads\/2026\/09\/Sem-titulo.png 686w, https:\/\/midialternativa.com.br\/wp-content\/uploads\/2026\/09\/Sem-titulo-300x210.png 300w, https:\/\/midialternativa.com.br\/wp-content\/uploads\/2026\/09\/Sem-titulo-150x105.png 150w, https:\/\/midialternativa.com.br\/wp-content\/uploads\/2026\/09\/Sem-titulo-209x146.png 209w\" sizes=\"(max-width: 686px) 100vw, 686px\"><\/p>\n<p>A participa\u00e7\u00e3o de grupos comunit\u00e1rios nas pol\u00edticas de fomento \u00e0 cultura ganhou espa\u00e7o no Distrito Federal com a inclus\u00e3o do Cultura Viva entre as a\u00e7\u00f5es da Pol\u00edtica Nacional Aldir Blanc de Fomento \u00e0 Cultura (PNAB). Depois das primeiras sele\u00e7\u00f5es, uma nova etapa do programa est\u00e1 prevista com o lan\u00e7amento de outro edital.<\/p>\n<p>Os n\u00fameros do primeiro ciclo ajudam a dimensionar a ades\u00e3o das iniciativas locais. Na sele\u00e7\u00e3o destinada \u00e0 premia\u00e7\u00e3o de Pontos e Pont\u00f5es de Cultura, 86 grupos se inscreveram e 72 foram habilitados. Entre os classificados nessa etapa, 31 eram coletivos sem CNPJ.<\/p>\n<p>Tamb\u00e9m houve sele\u00e7\u00e3o por meio do Termo de Compromisso Cultural. Nesse processo, 26 propostas concorreram como Pontos de Cultura e 21 atenderam aos requisitos para habilita\u00e7\u00e3o.<\/p>\n<p>Agora, uma nova oportunidade ser\u00e1 aberta para grupos, coletivos e organiza\u00e7\u00f5es que realizam atividades culturais nas comunidades do DF. A proposta \u00e9 facilitar o acesso dessas iniciativas aos recursos p\u00fablicos e contribuir para o fortalecimento dos trabalhos desenvolvidos diretamente nos territ\u00f3rios.<\/p>\n<p>O alcance do Cultura Viva vai al\u00e9m dos espa\u00e7os que tradicionalmente concentram a programa\u00e7\u00e3o cultural. A pol\u00edtica contempla desde oficinas e atividades art\u00edsticas at\u00e9 projetos de forma\u00e7\u00e3o e a\u00e7\u00f5es dedicadas \u00e0 preserva\u00e7\u00e3o de tradi\u00e7\u00f5es.<\/p>\n<p>Os Pontos de Cultura representam a atua\u00e7\u00e3o mais pr\u00f3xima das comunidades. S\u00e3o iniciativas locais ligadas a diferentes linguagens e manifesta\u00e7\u00f5es, entre elas m\u00fasica, teatro, literatura, audiovisual e cultura popular.<\/p>\n<p>J\u00e1 os Pont\u00f5es funcionam como articuladores dessa rede. Eles aproximam diferentes iniciativas, favorecem a colabora\u00e7\u00e3o e permitem que experi\u00eancias desenvolvidas em um territ\u00f3rio sejam compartilhadas com grupos de outras localidades.<\/p>\n<p>As condi\u00e7\u00f5es para participar da pr\u00f3xima sele\u00e7\u00e3o ser\u00e3o conhecidas com a publica\u00e7\u00e3o do novo edital. O documento dever\u00e1 definir os valores destinados \u00e0s iniciativas, os requisitos para participa\u00e7\u00e3o, os crit\u00e9rios de avalia\u00e7\u00e3o e o prazo para apresenta\u00e7\u00e3o das propostas.<\/p>\n<p>A abertura dessa nova rodada \u00e9 aguardada pela rede cultural do Distrito Federal como uma oportunidade de financiar e ampliar atividades que j\u00e1 fazem parte da rotina das comunidades.<\/p>\n<p>O post <a href=\"https:\/\/midialternativa.com.br\/cultura-viva-prepara-novo-edital-para-grupos-e-coletivos-culturais-do-df\/\">Cultura Viva prepara novo edital para grupos e coletivos culturais do DF<\/a> apareceu primeiro em <a href=\"https:\/\/midialternativa.com.br\/\">Midia Alernativa<\/a>.<\/p>\n","protected":false},"excerpt":{"rendered":"<p>A participa\u00e7\u00e3o de grupos comunit\u00e1rios nas pol\u00edticas de fomento \u00e0 cultura ganhou espa\u00e7o no Distrito Federal com a inclus\u00e3o do Cultura Viva entre as a\u00e7\u00f5es da Pol\u00edtica Nacional Aldir Blanc de Fomento \u00e0 Cultura (PNAB). Depois das primeiras sele\u00e7\u00f5es, uma nova etapa do programa est\u00e1 prevista com o lan\u00e7amento de outro edital. Os n\u00fameros do [&hellip;]<\/p>\n","protected":false},"author":15,"featured_media":351898,"comment_status":"open","ping_status":"open","sticky":false,"template":"","format":"standard","meta":{"jnews-multi-image_gallery":[],"jnews_single_post":[],"jnews_primary_category":[],"jnews_override_bookmark_settings":[],"jnews_food_recipe":[],"enable_food_recipe":"","food_recipe_title":"","food_recipe_description":"","food_recipe_serve":"","food_recipe_time":"","food_recipe_prep":"","food_recipe_level":"","food_recipe_keywords":"","food_recipe_category":"","food_recipe_cuisine":"","food_recipe_yield":"","food_recipe_calories":"","enable_print_recipe":"","ingredient":[],"instruction":"","jnews_social_meta":[],"jnews_paywall_metabox":[],"jnews_review":[],"enable_review":"","type":"","name":"","summary":"","brand":"","sku":"","good":[],"bad":[],"score_override":"","override_value":"","rating":[],"price":[],"jnews_override_counter":[],"jnews_post_split":[],"jnews_podcast_option":[],"jnews_podcast_series":[],"footnotes":""},"categories":[81],"tags":[],"jnews-series":[],"class_list":["post-351897","post","type-post","status-publish","format-standard","has-post-thumbnail","hentry","category-brasilia"],"amp_enabled":true,"_links":{"self":[{"href":"https:\/\/tribunabrasilia.com.br\/2\/wp-json\/wp\/v2\/posts\/351897","targetHints":{"allow":["GET"]}}],"collection":[{"href":"https:\/\/tribunabrasilia.com.br\/2\/wp-json\/wp\/v2\/posts"}],"about":[{"href":"https:\/\/tribunabrasilia.com.br\/2\/wp-json\/wp\/v2\/types\/post"}],"author":[{"embeddable":true,"href":"https:\/\/tribunabrasilia.com.br\/2\/wp-json\/wp\/v2\/users\/15"}],"replies":[{"embeddable":true,"href":"https:\/\/tribunabrasilia.com.br\/2\/wp-json\/wp\/v2\/comments?post=351897"}],"version-history":[{"count":0,"href":"https:\/\/tribunabrasilia.com.br\/2\/wp-json\/wp\/v2\/posts\/351897\/revisions"}],"wp:featuredmedia":[{"embeddable":true,"href":"https:\/\/tribunabrasilia.com.br\/2\/wp-json\/wp\/v2\/media\/351898"}],"wp:attachment":[{"href":"https:\/\/tribunabrasilia.com.br\/2\/wp-json\/wp\/v2\/media?parent=351897"}],"wp:term":[{"taxonomy":"category","embeddable":true,"href":"https:\/\/tribunabrasilia.com.br\/2\/wp-json\/wp\/v2\/categories?post=351897"},{"taxonomy":"post_tag","embeddable":true,"href":"https:\/\/tribunabrasilia.com.br\/2\/wp-json\/wp\/v2\/tags?post=351897"},{"taxonomy":"jnews-series","embeddable":true,"href":"https:\/\/tribunabrasilia.com.br\/2\/wp-json\/wp\/v2\/jnews-series?post=351897"}],"curies":[{"name":"wp","href":"https:\/\/api.w.org\/{rel}","templated":true}]}}