{"id":351876,"date":"2026-09-02T23:29:52","date_gmt":"2026-09-03T02:29:52","guid":{"rendered":"https:\/\/tribunabrasilia.com.br\/2\/estatinas-podem-estar-ligadas-a-um-risco-menor-de-demencia-em-diabeticos\/"},"modified":"2026-09-02T23:29:52","modified_gmt":"2026-09-03T02:29:52","slug":"estatinas-podem-estar-ligadas-a-um-risco-menor-de-demencia-em-diabeticos","status":"publish","type":"post","link":"https:\/\/tribunabrasilia.com.br\/2\/estatinas-podem-estar-ligadas-a-um-risco-menor-de-demencia-em-diabeticos\/","title":{"rendered":"Estatinas podem estar ligadas a um risco menor de dem\u00eancia em diab\u00e9ticos"},"content":{"rendered":"<p>Pesquisa mostra que pacientes que come\u00e7aram a tomar o rem\u00e9dio contra colesterol precocemente tiveram risco menor de desenvolver dem\u00eancia<\/p>\n","protected":false},"excerpt":{"rendered":"<p>Pesquisa mostra que pacientes que come\u00e7aram a tomar o rem\u00e9dio contra colesterol precocemente tiveram risco menor de desenvolver dem\u00eancia<\/p>\n","protected":false},"author":15,"featured_media":351877,"comment_status":"open","ping_status":"open","sticky":false,"template":"","format":"standard","meta":{"jnews-multi-image_gallery":[],"jnews_single_post":[],"jnews_primary_category":[],"jnews_override_bookmark_settings":[],"jnews_food_recipe":[],"enable_food_recipe":"","food_recipe_title":"","food_recipe_description":"","food_recipe_serve":"","food_recipe_time":"","food_recipe_prep":"","food_recipe_level":"","food_recipe_keywords":"","food_recipe_category":"","food_recipe_cuisine":"","food_recipe_yield":"","food_recipe_calories":"","enable_print_recipe":"","ingredient":[],"instruction":"","jnews_social_meta":[],"jnews_paywall_metabox":[],"jnews_review":[],"enable_review":"","type":"","name":"","summary":"","brand":"","sku":"","good":[],"bad":[],"score_override":"","override_value":"","rating":[],"price":[],"jnews_override_counter":[],"jnews_post_split":[],"jnews_podcast_option":[],"jnews_podcast_series":[],"footnotes":""},"categories":[900],"tags":[],"jnews-series":[],"class_list":["post-351876","post","type-post","status-publish","format-standard","has-post-thumbnail","hentry","category-saude"],"amp_enabled":true,"_links":{"self":[{"href":"https:\/\/tribunabrasilia.com.br\/2\/wp-json\/wp\/v2\/posts\/351876","targetHints":{"allow":["GET"]}}],"collection":[{"href":"https:\/\/tribunabrasilia.com.br\/2\/wp-json\/wp\/v2\/posts"}],"about":[{"href":"https:\/\/tribunabrasilia.com.br\/2\/wp-json\/wp\/v2\/types\/post"}],"author":[{"embeddable":true,"href":"https:\/\/tribunabrasilia.com.br\/2\/wp-json\/wp\/v2\/users\/15"}],"replies":[{"embeddable":true,"href":"https:\/\/tribunabrasilia.com.br\/2\/wp-json\/wp\/v2\/comments?post=351876"}],"version-history":[{"count":0,"href":"https:\/\/tribunabrasilia.com.br\/2\/wp-json\/wp\/v2\/posts\/351876\/revisions"}],"wp:featuredmedia":[{"embeddable":true,"href":"https:\/\/tribunabrasilia.com.br\/2\/wp-json\/wp\/v2\/media\/351877"}],"wp:attachment":[{"href":"https:\/\/tribunabrasilia.com.br\/2\/wp-json\/wp\/v2\/media?parent=351876"}],"wp:term":[{"taxonomy":"category","embeddable":true,"href":"https:\/\/tribunabrasilia.com.br\/2\/wp-json\/wp\/v2\/categories?post=351876"},{"taxonomy":"post_tag","embeddable":true,"href":"https:\/\/tribunabrasilia.com.br\/2\/wp-json\/wp\/v2\/tags?post=351876"},{"taxonomy":"jnews-series","embeddable":true,"href":"https:\/\/tribunabrasilia.com.br\/2\/wp-json\/wp\/v2\/jnews-series?post=351876"}],"curies":[{"name":"wp","href":"https:\/\/api.w.org\/{rel}","templated":true}]}}