{"id":351846,"date":"2026-09-02T23:28:22","date_gmt":"2026-09-03T02:28:22","guid":{"rendered":"https:\/\/tribunabrasilia.com.br\/2\/roraima-decreta-emergencia-por-seca-e-cria-gabinete-para-enfrentar-el-nino\/"},"modified":"2026-09-02T23:28:22","modified_gmt":"2026-09-03T02:28:22","slug":"roraima-decreta-emergencia-por-seca-e-cria-gabinete-para-enfrentar-el-nino","status":"publish","type":"post","link":"https:\/\/tribunabrasilia.com.br\/2\/roraima-decreta-emergencia-por-seca-e-cria-gabinete-para-enfrentar-el-nino\/","title":{"rendered":"Roraima decreta emerg\u00eancia por seca e cria gabinete para enfrentar El Ni\u00f1o"},"content":{"rendered":"<p>Estiagem j\u00e1 afeta a produ\u00e7\u00e3o agr\u00edcola, reduz o n\u00edvel dos rios e aumenta o risco de inc\u00eandios florestais no estado<\/p>\n","protected":false},"excerpt":{"rendered":"<p>Estiagem j\u00e1 afeta a produ\u00e7\u00e3o agr\u00edcola, reduz o n\u00edvel dos rios e aumenta o risco de inc\u00eandios florestais no estado<\/p>\n","protected":false},"author":15,"featured_media":351847,"comment_status":"open","ping_status":"open","sticky":false,"template":"","format":"standard","meta":{"jnews-multi-image_gallery":[],"jnews_single_post":[],"jnews_primary_category":[],"jnews_override_bookmark_settings":[],"jnews_food_recipe":[],"enable_food_recipe":"","food_recipe_title":"","food_recipe_description":"","food_recipe_serve":"","food_recipe_time":"","food_recipe_prep":"","food_recipe_level":"","food_recipe_keywords":"","food_recipe_category":"","food_recipe_cuisine":"","food_recipe_yield":"","food_recipe_calories":"","enable_print_recipe":"","ingredient":[],"instruction":"","jnews_social_meta":[],"jnews_paywall_metabox":[],"jnews_review":[],"enable_review":"","type":"","name":"","summary":"","brand":"","sku":"","good":[],"bad":[],"score_override":"","override_value":"","rating":[],"price":[],"jnews_override_counter":[],"jnews_post_split":[],"jnews_podcast_option":[],"jnews_podcast_series":[],"footnotes":""},"categories":[2],"tags":[],"jnews-series":[],"class_list":["post-351846","post","type-post","status-publish","format-standard","has-post-thumbnail","hentry","category-brasil"],"amp_enabled":true,"_links":{"self":[{"href":"https:\/\/tribunabrasilia.com.br\/2\/wp-json\/wp\/v2\/posts\/351846","targetHints":{"allow":["GET"]}}],"collection":[{"href":"https:\/\/tribunabrasilia.com.br\/2\/wp-json\/wp\/v2\/posts"}],"about":[{"href":"https:\/\/tribunabrasilia.com.br\/2\/wp-json\/wp\/v2\/types\/post"}],"author":[{"embeddable":true,"href":"https:\/\/tribunabrasilia.com.br\/2\/wp-json\/wp\/v2\/users\/15"}],"replies":[{"embeddable":true,"href":"https:\/\/tribunabrasilia.com.br\/2\/wp-json\/wp\/v2\/comments?post=351846"}],"version-history":[{"count":0,"href":"https:\/\/tribunabrasilia.com.br\/2\/wp-json\/wp\/v2\/posts\/351846\/revisions"}],"wp:featuredmedia":[{"embeddable":true,"href":"https:\/\/tribunabrasilia.com.br\/2\/wp-json\/wp\/v2\/media\/351847"}],"wp:attachment":[{"href":"https:\/\/tribunabrasilia.com.br\/2\/wp-json\/wp\/v2\/media?parent=351846"}],"wp:term":[{"taxonomy":"category","embeddable":true,"href":"https:\/\/tribunabrasilia.com.br\/2\/wp-json\/wp\/v2\/categories?post=351846"},{"taxonomy":"post_tag","embeddable":true,"href":"https:\/\/tribunabrasilia.com.br\/2\/wp-json\/wp\/v2\/tags?post=351846"},{"taxonomy":"jnews-series","embeddable":true,"href":"https:\/\/tribunabrasilia.com.br\/2\/wp-json\/wp\/v2\/jnews-series?post=351846"}],"curies":[{"name":"wp","href":"https:\/\/api.w.org\/{rel}","templated":true}]}}