{"id":351840,"date":"2026-09-02T23:27:33","date_gmt":"2026-09-03T02:27:33","guid":{"rendered":"https:\/\/tribunabrasilia.com.br\/2\/tjdft-suspende-mudanca-no-fundo-de-defesa-dos-direitos-do-consumidor\/"},"modified":"2026-09-02T23:27:33","modified_gmt":"2026-09-03T02:27:33","slug":"tjdft-suspende-mudanca-no-fundo-de-defesa-dos-direitos-do-consumidor","status":"publish","type":"post","link":"https:\/\/tribunabrasilia.com.br\/2\/tjdft-suspende-mudanca-no-fundo-de-defesa-dos-direitos-do-consumidor\/","title":{"rendered":"TJDFT suspende mudan\u00e7a no Fundo de Defesa dos Direitos do Consumidor"},"content":{"rendered":"<p><img width=\"696\" height=\"400\" src=\"https:\/\/midialternativa.com.br\/wp-content\/uploads\/2026\/09\/55491227727_f6257d7f2b_k_p12204_thumb_resized-1.webp\" class=\"attachment-post-thumbnail size-post-thumbnail wp-post-image\" alt=\"\" decoding=\"async\" loading=\"lazy\" srcset=\"https:\/\/midialternativa.com.br\/wp-content\/uploads\/2026\/09\/55491227727_f6257d7f2b_k_p12204_thumb_resized-1.webp 696w, https:\/\/midialternativa.com.br\/wp-content\/uploads\/2026\/09\/55491227727_f6257d7f2b_k_p12204_thumb_resized-1-300x172.webp 300w, https:\/\/midialternativa.com.br\/wp-content\/uploads\/2026\/09\/55491227727_f6257d7f2b_k_p12204_thumb_resized-1-150x86.webp 150w, https:\/\/midialternativa.com.br\/wp-content\/uploads\/2026\/09\/55491227727_f6257d7f2b_k_p12204_thumb_resized-1-254x146.webp 254w\" sizes=\"auto, (max-width: 696px) 100vw, 696px\"><\/p>\n<p>Uma mudan\u00e7a na destina\u00e7\u00e3o dos recursos do Fundo de Defesa dos Direitos do Consumidor foi barrada pelo Tribunal de Justi\u00e7a do Distrito Federal (TJDFT). Por unanimidade, o Conselho Especial suspendeu a lei que permitia utilizar recursos do fundo para conceder cr\u00e9dito subsidiado a consumidores superendividados.<\/p>\n<p>A decis\u00e3o tem car\u00e1ter cautelar e atinge a Lei Complementar Distrital 1.059\/2025. A norma continuar\u00e1 sem produzir efeitos enquanto o Tribunal analisa definitivamente se o Distrito Federal tinha compet\u00eancia para criar o modelo de financiamento.<\/p>\n<p>O questionamento foi levado ao TJDFT pelo governador do Distrito Federal, autor de uma a\u00e7\u00e3o direta de inconstitucionalidade. Entre os argumentos apresentados est\u00e1 o de que a concess\u00e3o de cr\u00e9dito n\u00e3o poderia ser disciplinada dessa maneira pela legisla\u00e7\u00e3o distrital, por se tratar de mat\u00e9ria reservada \u00e0 Uni\u00e3o.<\/p>\n<p>Ao analisar inicialmente o caso, o Conselho Especial encontrou ind\u00edcios de poss\u00edvel invas\u00e3o dessa compet\u00eancia. O entendimento levou os desembargadores a interromper a aplica\u00e7\u00e3o da lei antes mesmo do julgamento do m\u00e9rito.<\/p>\n<p>A relatora, desembargadora Maria Ivat\u00f4nia, ressaltou a necessidade de regras nacionais para opera\u00e7\u00f5es dessa natureza. \u201cA concess\u00e3o de cr\u00e9dito \u00e9 um tema que exige disciplina uniforme em todo o pa\u00eds\u201d, afirmou.<\/p>\n<p>A origem dos recursos destinados aos empr\u00e9stimos tamb\u00e9m entrou na discuss\u00e3o. O fundo tem como finalidade financiar iniciativas relacionadas \u00e0 defesa dos direitos dos consumidores, e a altera\u00e7\u00e3o legislativa abria caminho para que o dinheiro fosse empregado diretamente na concess\u00e3o de cr\u00e9dito individual.<\/p>\n<p>Para a relatora, essa mudan\u00e7a poderia \u201cdesvirtuar sua finalidade original, que \u00e9 promover a\u00e7\u00f5es coletivas e difusas de prote\u00e7\u00e3o aos consumidores\u201d. Maria Ivat\u00f4nia tamb\u00e9m apontou risco \u00e0 seguran\u00e7a jur\u00eddica caso a norma fosse mantida em vigor enquanto persistissem d\u00favidas sobre sua compatibilidade com a Constitui\u00e7\u00e3o.<\/p>\n<p>A vota\u00e7\u00e3o acompanhou integralmente o entendimento da magistrada e manteve suspenso o novo modelo de utiliza\u00e7\u00e3o dos recursos.<\/p>\n<p>A palavra final sobre a Lei Complementar Distrital 1.059\/2025, por\u00e9m, ainda n\u00e3o foi dada. A suspens\u00e3o vale at\u00e9 que o Conselho Especial julgue o m\u00e9rito da a\u00e7\u00e3o e defina se a mudan\u00e7a aprovada no Distrito Federal \u00e9 ou n\u00e3o constitucional.<\/p>\n<p>O post <a href=\"https:\/\/midialternativa.com.br\/tjdft-suspende-mudanca-no-fundo-de-defesa-dos-direitos-do-consumidor\/\">TJDFT suspende mudan\u00e7a no Fundo de Defesa dos Direitos do Consumidor<\/a> apareceu primeiro em <a href=\"https:\/\/midialternativa.com.br\/\">Midia Alernativa<\/a>.<\/p>\n","protected":false},"excerpt":{"rendered":"<p>Uma mudan\u00e7a na destina\u00e7\u00e3o dos recursos do Fundo de Defesa dos Direitos do Consumidor foi barrada pelo Tribunal de Justi\u00e7a do Distrito Federal (TJDFT). Por unanimidade, o Conselho Especial suspendeu a lei que permitia utilizar recursos do fundo para conceder cr\u00e9dito subsidiado a consumidores superendividados. A decis\u00e3o tem car\u00e1ter cautelar e atinge a Lei Complementar [&hellip;]<\/p>\n","protected":false},"author":15,"featured_media":351841,"comment_status":"open","ping_status":"open","sticky":false,"template":"","format":"standard","meta":{"jnews-multi-image_gallery":[],"jnews_single_post":[],"jnews_primary_category":[],"jnews_override_bookmark_settings":[],"jnews_food_recipe":[],"enable_food_recipe":"","food_recipe_title":"","food_recipe_description":"","food_recipe_serve":"","food_recipe_time":"","food_recipe_prep":"","food_recipe_level":"","food_recipe_keywords":"","food_recipe_category":"","food_recipe_cuisine":"","food_recipe_yield":"","food_recipe_calories":"","enable_print_recipe":"","ingredient":[],"instruction":"","jnews_social_meta":[],"jnews_paywall_metabox":[],"jnews_review":[],"enable_review":"","type":"","name":"","summary":"","brand":"","sku":"","good":[],"bad":[],"score_override":"","override_value":"","rating":[],"price":[],"jnews_override_counter":[],"jnews_post_split":[],"jnews_podcast_option":[],"jnews_podcast_series":[],"footnotes":""},"categories":[81],"tags":[],"jnews-series":[],"class_list":["post-351840","post","type-post","status-publish","format-standard","has-post-thumbnail","hentry","category-brasilia"],"amp_enabled":true,"_links":{"self":[{"href":"https:\/\/tribunabrasilia.com.br\/2\/wp-json\/wp\/v2\/posts\/351840","targetHints":{"allow":["GET"]}}],"collection":[{"href":"https:\/\/tribunabrasilia.com.br\/2\/wp-json\/wp\/v2\/posts"}],"about":[{"href":"https:\/\/tribunabrasilia.com.br\/2\/wp-json\/wp\/v2\/types\/post"}],"author":[{"embeddable":true,"href":"https:\/\/tribunabrasilia.com.br\/2\/wp-json\/wp\/v2\/users\/15"}],"replies":[{"embeddable":true,"href":"https:\/\/tribunabrasilia.com.br\/2\/wp-json\/wp\/v2\/comments?post=351840"}],"version-history":[{"count":0,"href":"https:\/\/tribunabrasilia.com.br\/2\/wp-json\/wp\/v2\/posts\/351840\/revisions"}],"wp:featuredmedia":[{"embeddable":true,"href":"https:\/\/tribunabrasilia.com.br\/2\/wp-json\/wp\/v2\/media\/351841"}],"wp:attachment":[{"href":"https:\/\/tribunabrasilia.com.br\/2\/wp-json\/wp\/v2\/media?parent=351840"}],"wp:term":[{"taxonomy":"category","embeddable":true,"href":"https:\/\/tribunabrasilia.com.br\/2\/wp-json\/wp\/v2\/categories?post=351840"},{"taxonomy":"post_tag","embeddable":true,"href":"https:\/\/tribunabrasilia.com.br\/2\/wp-json\/wp\/v2\/tags?post=351840"},{"taxonomy":"jnews-series","embeddable":true,"href":"https:\/\/tribunabrasilia.com.br\/2\/wp-json\/wp\/v2\/jnews-series?post=351840"}],"curies":[{"name":"wp","href":"https:\/\/api.w.org\/{rel}","templated":true}]}}