{"id":351838,"date":"2026-09-02T23:27:34","date_gmt":"2026-09-03T02:27:34","guid":{"rendered":"https:\/\/tribunabrasilia.com.br\/2\/brasilia-air-show-leva-a-alerta-para-passageiros-com-voos-marcados-no-domingo\/"},"modified":"2026-09-02T23:27:34","modified_gmt":"2026-09-03T02:27:34","slug":"brasilia-air-show-leva-a-alerta-para-passageiros-com-voos-marcados-no-domingo","status":"publish","type":"post","link":"https:\/\/tribunabrasilia.com.br\/2\/brasilia-air-show-leva-a-alerta-para-passageiros-com-voos-marcados-no-domingo\/","title":{"rendered":"Bras\u00edlia Air Show leva a alerta para passageiros com voos marcados no domingo"},"content":{"rendered":"<p><img width=\"1600\" height=\"1067\" src=\"https:\/\/midialternativa.com.br\/wp-content\/uploads\/2026\/09\/WhatsApp-Image-2026-09-02-at-15.10.28.jpeg\" class=\"attachment-post-thumbnail size-post-thumbnail wp-post-image\" alt=\"\" decoding=\"async\" loading=\"lazy\" srcset=\"https:\/\/midialternativa.com.br\/wp-content\/uploads\/2026\/09\/WhatsApp-Image-2026-09-02-at-15.10.28.jpeg 1600w, https:\/\/midialternativa.com.br\/wp-content\/uploads\/2026\/09\/WhatsApp-Image-2026-09-02-at-15.10.28-300x200.jpeg 300w, https:\/\/midialternativa.com.br\/wp-content\/uploads\/2026\/09\/WhatsApp-Image-2026-09-02-at-15.10.28-1024x683.jpeg 1024w, https:\/\/midialternativa.com.br\/wp-content\/uploads\/2026\/09\/WhatsApp-Image-2026-09-02-at-15.10.28-768x512.jpeg 768w, https:\/\/midialternativa.com.br\/wp-content\/uploads\/2026\/09\/WhatsApp-Image-2026-09-02-at-15.10.28-1536x1024.jpeg 1536w, https:\/\/midialternativa.com.br\/wp-content\/uploads\/2026\/09\/WhatsApp-Image-2026-09-02-at-15.10.28-150x100.jpeg 150w, https:\/\/midialternativa.com.br\/wp-content\/uploads\/2026\/09\/WhatsApp-Image-2026-09-02-at-15.10.28-696x464.jpeg 696w, https:\/\/midialternativa.com.br\/wp-content\/uploads\/2026\/09\/WhatsApp-Image-2026-09-02-at-15.10.28-1068x712.jpeg 1068w, https:\/\/midialternativa.com.br\/wp-content\/uploads\/2026\/09\/WhatsApp-Image-2026-09-02-at-15.10.28-219x146.jpeg 219w\" sizes=\"auto, (max-width: 1600px) 100vw, 1600px\"><\/p>\n<p>Quem tem viagem marcada para este domingo (6) pelo Aeroporto Internacional de Bras\u00edlia precisar\u00e1 reservar mais tempo para chegar ao terminal. A realiza\u00e7\u00e3o do Bras\u00edlia Air Show 2026 deve aumentar a movimenta\u00e7\u00e3o nas principais vias da regi\u00e3o e pode provocar reten\u00e7\u00f5es durante o dia.<\/p>\n<p>A orienta\u00e7\u00e3o aos passageiros \u00e9 chegar ao aeroporto com mais de tr\u00eas horas de anteced\u00eancia em rela\u00e7\u00e3o ao hor\u00e1rio previsto para a partida. A medida \u00e9 excepcional e vale apenas para domingo, quando milhares de pessoas devem se deslocar em dire\u00e7\u00e3o \u00e0 Base A\u00e9rea de Bras\u00edlia, onde ocorrer\u00e1 o evento.<\/p>\n<p>O Bras\u00edlia Air Show ser\u00e1 realizado das 9h \u00e0s 17h. Como a Base A\u00e9rea e o terminal aeroportu\u00e1rio compartilham a mesma regi\u00e3o de acesso, o aumento da circula\u00e7\u00e3o de ve\u00edculos exige planejamento tanto de quem pretende acompanhar a programa\u00e7\u00e3o quanto de quem precisa embarcar.<\/p>\n<p>Para organizar o tr\u00e2nsito, \u00f3rg\u00e3os de seguran\u00e7a p\u00fablica, mobilidade e fiscaliza\u00e7\u00e3o atuar\u00e3o de forma integrada durante o evento. Outras institui\u00e7\u00f5es envolvidas na opera\u00e7\u00e3o tamb\u00e9m participar\u00e3o do acompanhamento do fluxo nas imedia\u00e7\u00f5es.<\/p>\n<p>O acesso \u00e0 Base A\u00e9rea ser\u00e1 feito pela marginal da DF-047, no trecho pr\u00f3ximo \u00e0s concession\u00e1rias. Equipes estar\u00e3o posicionadas na regi\u00e3o para orientar os motoristas e acompanhar as condi\u00e7\u00f5es de circula\u00e7\u00e3o.<\/p>\n<p>As vias pr\u00f3ximas tamb\u00e9m contar\u00e3o com pain\u00e9is de mensagens vari\u00e1veis. Por meio deles, ser\u00e3o divulgadas informa\u00e7\u00f5es sobre os acessos, a situa\u00e7\u00e3o do tr\u00e2nsito e poss\u00edveis mudan\u00e7as adotadas durante a opera\u00e7\u00e3o.<\/p>\n<p>Dependendo da quantidade de ve\u00edculos, altera\u00e7\u00f5es tempor\u00e1rias poder\u00e3o ser realizadas. Reten\u00e7\u00f5es tamb\u00e9m s\u00e3o esperadas nos per\u00edodos de maior movimento. A recomenda\u00e7\u00e3o \u00e9 respeitar a sinaliza\u00e7\u00e3o e as determina\u00e7\u00f5es dos agentes.<\/p>\n<p>Passageiros que precisarem esclarecer d\u00favidas sobre o acesso ou a circula\u00e7\u00e3o na \u00e1rea interna do Aeroporto de Bras\u00edlia dever\u00e3o recorrer aos canais de atendimento da administradora do terminal.<\/p>\n<h3><strong>\u00d4nibus especiais<\/strong><\/h3>\n<p>O transporte p\u00fablico ser\u00e1 refor\u00e7ado para atender quem pretende acompanhar o Bras\u00edlia Air Show. Conforme a demanda registrada no domingo, duas linhas espec\u00edficas poder\u00e3o entrar em opera\u00e7\u00e3o.<\/p>\n<p>Os \u00f4nibus ter\u00e3o partidas da Rodovi\u00e1ria de Bras\u00edlia e do Terminal Rodovi\u00e1rio da Asa Sul. Al\u00e9m das linhas destinadas ao evento, os passageiros poder\u00e3o utilizar as paradas existentes nas proximidades da Base A\u00e9rea e do aeroporto.<\/p>\n<p>A utiliza\u00e7\u00e3o do transporte coletivo \u00e9 recomendada como alternativa para reduzir a concentra\u00e7\u00e3o de ve\u00edculos particulares nos acessos \u00e0 regi\u00e3o.<\/p>\n<h3><strong>O que n\u00e3o poder\u00e1 entrar<\/strong><\/h3>\n<p>A organiza\u00e7\u00e3o estabeleceu restri\u00e7\u00f5es para garantir a seguran\u00e7a durante a programa\u00e7\u00e3o. Armas e objetos que possam ser utilizados como armas estar\u00e3o proibidos, assim como garrafas de vidro, latas e recipientes semelhantes.<\/p>\n<p>Ve\u00edculos que tenham identifica\u00e7\u00e3o de propaganda pol\u00edtica tamb\u00e9m n\u00e3o poder\u00e3o acessar o local. O uso de drones e de qualquer outro equipamento de voo sem autoriza\u00e7\u00e3o estar\u00e1 proibido na regi\u00e3o do evento.<\/p>\n<p>Crian\u00e7as e adolescentes dever\u00e3o permanecer acompanhados e sob supervis\u00e3o durante toda a visita. O p\u00fablico dever\u00e1 ainda cumprir as orienta\u00e7\u00f5es das equipes de seguran\u00e7a, dos \u00f3rg\u00e3os p\u00fablicos e dos respons\u00e1veis pela organiza\u00e7\u00e3o do Bras\u00edlia Air Show.<\/p>\n<p>O post <a href=\"https:\/\/midialternativa.com.br\/brasilia-air-show-leva-a-alerta-para-passageiros-com-voos-marcados-no-domingo\/\">Bras\u00edlia Air Show leva a alerta para passageiros com voos marcados no domingo<\/a> apareceu primeiro em <a href=\"https:\/\/midialternativa.com.br\/\">Midia Alernativa<\/a>.<\/p>\n","protected":false},"excerpt":{"rendered":"<p>Quem tem viagem marcada para este domingo (6) pelo Aeroporto Internacional de Bras\u00edlia precisar\u00e1 reservar mais tempo para chegar ao terminal. A realiza\u00e7\u00e3o do Bras\u00edlia Air Show 2026 deve aumentar a movimenta\u00e7\u00e3o nas principais vias da regi\u00e3o e pode provocar reten\u00e7\u00f5es durante o dia. A orienta\u00e7\u00e3o aos passageiros \u00e9 chegar ao aeroporto com mais de [&hellip;]<\/p>\n","protected":false},"author":15,"featured_media":351839,"comment_status":"open","ping_status":"open","sticky":false,"template":"","format":"standard","meta":{"jnews-multi-image_gallery":[],"jnews_single_post":[],"jnews_primary_category":[],"jnews_override_bookmark_settings":[],"jnews_food_recipe":[],"enable_food_recipe":"","food_recipe_title":"","food_recipe_description":"","food_recipe_serve":"","food_recipe_time":"","food_recipe_prep":"","food_recipe_level":"","food_recipe_keywords":"","food_recipe_category":"","food_recipe_cuisine":"","food_recipe_yield":"","food_recipe_calories":"","enable_print_recipe":"","ingredient":[],"instruction":"","jnews_social_meta":[],"jnews_paywall_metabox":[],"jnews_review":[],"enable_review":"","type":"","name":"","summary":"","brand":"","sku":"","good":[],"bad":[],"score_override":"","override_value":"","rating":[],"price":[],"jnews_override_counter":[],"jnews_post_split":[],"jnews_podcast_option":[],"jnews_podcast_series":[],"footnotes":""},"categories":[81],"tags":[],"jnews-series":[],"class_list":["post-351838","post","type-post","status-publish","format-standard","has-post-thumbnail","hentry","category-brasilia"],"amp_enabled":true,"_links":{"self":[{"href":"https:\/\/tribunabrasilia.com.br\/2\/wp-json\/wp\/v2\/posts\/351838","targetHints":{"allow":["GET"]}}],"collection":[{"href":"https:\/\/tribunabrasilia.com.br\/2\/wp-json\/wp\/v2\/posts"}],"about":[{"href":"https:\/\/tribunabrasilia.com.br\/2\/wp-json\/wp\/v2\/types\/post"}],"author":[{"embeddable":true,"href":"https:\/\/tribunabrasilia.com.br\/2\/wp-json\/wp\/v2\/users\/15"}],"replies":[{"embeddable":true,"href":"https:\/\/tribunabrasilia.com.br\/2\/wp-json\/wp\/v2\/comments?post=351838"}],"version-history":[{"count":0,"href":"https:\/\/tribunabrasilia.com.br\/2\/wp-json\/wp\/v2\/posts\/351838\/revisions"}],"wp:featuredmedia":[{"embeddable":true,"href":"https:\/\/tribunabrasilia.com.br\/2\/wp-json\/wp\/v2\/media\/351839"}],"wp:attachment":[{"href":"https:\/\/tribunabrasilia.com.br\/2\/wp-json\/wp\/v2\/media?parent=351838"}],"wp:term":[{"taxonomy":"category","embeddable":true,"href":"https:\/\/tribunabrasilia.com.br\/2\/wp-json\/wp\/v2\/categories?post=351838"},{"taxonomy":"post_tag","embeddable":true,"href":"https:\/\/tribunabrasilia.com.br\/2\/wp-json\/wp\/v2\/tags?post=351838"},{"taxonomy":"jnews-series","embeddable":true,"href":"https:\/\/tribunabrasilia.com.br\/2\/wp-json\/wp\/v2\/jnews-series?post=351838"}],"curies":[{"name":"wp","href":"https:\/\/api.w.org\/{rel}","templated":true}]}}