{"id":351836,"date":"2026-09-02T23:27:35","date_gmt":"2026-09-03T02:27:35","guid":{"rendered":"https:\/\/tribunabrasilia.com.br\/2\/reforco-na-educacao-gdf-publica-nomeacao-de-mais-de-2-mil-professores-de-28-especialidades\/"},"modified":"2026-09-02T23:27:35","modified_gmt":"2026-09-03T02:27:35","slug":"reforco-na-educacao-gdf-publica-nomeacao-de-mais-de-2-mil-professores-de-28-especialidades","status":"publish","type":"post","link":"https:\/\/tribunabrasilia.com.br\/2\/reforco-na-educacao-gdf-publica-nomeacao-de-mais-de-2-mil-professores-de-28-especialidades\/","title":{"rendered":"Refor\u00e7o na Educa\u00e7\u00e3o: GDF publica nomea\u00e7\u00e3o de mais de 2 mil professores de 28 especialidades"},"content":{"rendered":"<p><img width=\"1536\" height=\"1023\" src=\"https:\/\/midialternativa.com.br\/wp-content\/uploads\/2024\/05\/SEDF.webp\" class=\"attachment-post-thumbnail size-post-thumbnail wp-post-image\" alt=\"\" decoding=\"async\" srcset=\"https:\/\/midialternativa.com.br\/wp-content\/uploads\/2024\/05\/SEDF.webp 1536w, https:\/\/midialternativa.com.br\/wp-content\/uploads\/2024\/05\/SEDF-300x200.webp 300w, https:\/\/midialternativa.com.br\/wp-content\/uploads\/2024\/05\/SEDF-1024x682.webp 1024w, https:\/\/midialternativa.com.br\/wp-content\/uploads\/2024\/05\/SEDF-768x512.webp 768w, https:\/\/midialternativa.com.br\/wp-content\/uploads\/2024\/05\/SEDF-150x100.webp 150w, https:\/\/midialternativa.com.br\/wp-content\/uploads\/2024\/05\/SEDF-696x464.webp 696w, https:\/\/midialternativa.com.br\/wp-content\/uploads\/2024\/05\/SEDF-1068x711.webp 1068w\" sizes=\"(max-width: 1536px) 100vw, 1536px\"><\/p>\n<p data-path-to-node=\"4\">O Governo do Distrito Federal (GDF) oficializou nesta quarta-feira (2) a nomea\u00e7\u00e3o de 2681 professores efetivos para integrar a rede p\u00fablica de ensino. Publicado no Di\u00e1rio Oficial do Distrito Federal (DODF), os atos contemplam educadores aprovados em concurso p\u00fablico em 28 especialidades da carreira de Educa\u00e7\u00e3o B\u00e1sica.<\/p>\n<p data-path-to-node=\"5\">A medida representa um aditivo direto ao quadro permanente da Secretaria de Educa\u00e7\u00e3o e busca ampliar a presen\u00e7a de servidores concursados nas salas de aula das diversas regi\u00f5es administrativas do DF. Com a publica\u00e7\u00e3o dos atos de provimento, os profissionais nomeados entram na fase final de apresenta\u00e7\u00e3o de documenta\u00e7\u00e3o e exames admissionais para a posse nos cargos.<\/p>\n<p data-path-to-node=\"6\">O movimento atende \u00e0 meta anunciada pela gest\u00e3o local de recompor a for\u00e7a de trabalho efetiva e reduzir gradualmente a depend\u00eancia de contratos tempor\u00e1rios nas escolas. Em paralelo, o governo estuda a realiza\u00e7\u00e3o de um novo certame para a \u00e1rea, medida que ainda se encontra em fase preliminar de planejamento or\u00e7ament\u00e1rio e log\u00edstico.<\/p>\n<p data-path-to-node=\"7\">Segundo a pasta, a chegada dos novos docentes visa suprir car\u00eancias hist\u00f3ricas de disciplinas espec\u00edficas, al\u00e9m de garantir maior estabilidade pedag\u00f3gica e continuidade diretiva \u00e0s unidades de ensino da rede p\u00fablica do Distrito Federal.<\/p>\n<p>O post <a href=\"https:\/\/midialternativa.com.br\/reforco-na-educacao-gdf-publica-nomeacao-de-mais-de-2-mil-professores-de-28-especialidades\/\">Refor\u00e7o na Educa\u00e7\u00e3o: GDF publica nomea\u00e7\u00e3o de mais de 2 mil professores de 28 especialidades<\/a> apareceu primeiro em <a href=\"https:\/\/midialternativa.com.br\/\">Midia Alernativa<\/a>.<\/p>\n","protected":false},"excerpt":{"rendered":"<p>O Governo do Distrito Federal (GDF) oficializou nesta quarta-feira (2) a nomea\u00e7\u00e3o de 2681 professores efetivos para integrar a rede p\u00fablica de ensino. Publicado no Di\u00e1rio Oficial do Distrito Federal (DODF), os atos contemplam educadores aprovados em concurso p\u00fablico em 28 especialidades da carreira de Educa\u00e7\u00e3o B\u00e1sica. A medida representa um aditivo direto ao quadro [&hellip;]<\/p>\n","protected":false},"author":15,"featured_media":351837,"comment_status":"open","ping_status":"open","sticky":false,"template":"","format":"standard","meta":{"jnews-multi-image_gallery":[],"jnews_single_post":[],"jnews_primary_category":[],"jnews_override_bookmark_settings":[],"jnews_food_recipe":[],"enable_food_recipe":"","food_recipe_title":"","food_recipe_description":"","food_recipe_serve":"","food_recipe_time":"","food_recipe_prep":"","food_recipe_level":"","food_recipe_keywords":"","food_recipe_category":"","food_recipe_cuisine":"","food_recipe_yield":"","food_recipe_calories":"","enable_print_recipe":"","ingredient":[],"instruction":"","jnews_social_meta":[],"jnews_paywall_metabox":[],"jnews_review":[],"enable_review":"","type":"","name":"","summary":"","brand":"","sku":"","good":[],"bad":[],"score_override":"","override_value":"","rating":[],"price":[],"jnews_override_counter":[],"jnews_post_split":[],"jnews_podcast_option":[],"jnews_podcast_series":[],"footnotes":""},"categories":[81],"tags":[],"jnews-series":[],"class_list":["post-351836","post","type-post","status-publish","format-standard","has-post-thumbnail","hentry","category-brasilia"],"amp_enabled":true,"_links":{"self":[{"href":"https:\/\/tribunabrasilia.com.br\/2\/wp-json\/wp\/v2\/posts\/351836","targetHints":{"allow":["GET"]}}],"collection":[{"href":"https:\/\/tribunabrasilia.com.br\/2\/wp-json\/wp\/v2\/posts"}],"about":[{"href":"https:\/\/tribunabrasilia.com.br\/2\/wp-json\/wp\/v2\/types\/post"}],"author":[{"embeddable":true,"href":"https:\/\/tribunabrasilia.com.br\/2\/wp-json\/wp\/v2\/users\/15"}],"replies":[{"embeddable":true,"href":"https:\/\/tribunabrasilia.com.br\/2\/wp-json\/wp\/v2\/comments?post=351836"}],"version-history":[{"count":0,"href":"https:\/\/tribunabrasilia.com.br\/2\/wp-json\/wp\/v2\/posts\/351836\/revisions"}],"wp:featuredmedia":[{"embeddable":true,"href":"https:\/\/tribunabrasilia.com.br\/2\/wp-json\/wp\/v2\/media\/351837"}],"wp:attachment":[{"href":"https:\/\/tribunabrasilia.com.br\/2\/wp-json\/wp\/v2\/media?parent=351836"}],"wp:term":[{"taxonomy":"category","embeddable":true,"href":"https:\/\/tribunabrasilia.com.br\/2\/wp-json\/wp\/v2\/categories?post=351836"},{"taxonomy":"post_tag","embeddable":true,"href":"https:\/\/tribunabrasilia.com.br\/2\/wp-json\/wp\/v2\/tags?post=351836"},{"taxonomy":"jnews-series","embeddable":true,"href":"https:\/\/tribunabrasilia.com.br\/2\/wp-json\/wp\/v2\/jnews-series?post=351836"}],"curies":[{"name":"wp","href":"https:\/\/api.w.org\/{rel}","templated":true}]}}