{"id":351790,"date":"2026-09-01T23:27:33","date_gmt":"2026-09-02T02:27:33","guid":{"rendered":"https:\/\/tribunabrasilia.com.br\/2\/gdf-destina-r-461-mil-para-construcao-de-novo-capsi-no-df\/"},"modified":"2026-09-01T23:27:33","modified_gmt":"2026-09-02T02:27:33","slug":"gdf-destina-r-461-mil-para-construcao-de-novo-capsi-no-df","status":"publish","type":"post","link":"https:\/\/tribunabrasilia.com.br\/2\/gdf-destina-r-461-mil-para-construcao-de-novo-capsi-no-df\/","title":{"rendered":"GDF destina R$ 461 mil para constru\u00e7\u00e3o de novo CAPSi no DF"},"content":{"rendered":"<p><img width=\"1200\" height=\"800\" src=\"https:\/\/midialternativa.com.br\/wp-content\/uploads\/2026\/09\/sem-titulo-1.webp\" class=\"attachment-post-thumbnail size-post-thumbnail wp-post-image\" alt=\"\" decoding=\"async\" loading=\"lazy\" srcset=\"https:\/\/midialternativa.com.br\/wp-content\/uploads\/2026\/09\/sem-titulo-1.webp 1200w, https:\/\/midialternativa.com.br\/wp-content\/uploads\/2026\/09\/sem-titulo-1-300x200.webp 300w, https:\/\/midialternativa.com.br\/wp-content\/uploads\/2026\/09\/sem-titulo-1-1024x683.webp 1024w, https:\/\/midialternativa.com.br\/wp-content\/uploads\/2026\/09\/sem-titulo-1-768x512.webp 768w, https:\/\/midialternativa.com.br\/wp-content\/uploads\/2026\/09\/sem-titulo-1-150x100.webp 150w, https:\/\/midialternativa.com.br\/wp-content\/uploads\/2026\/09\/sem-titulo-1-696x464.webp 696w, https:\/\/midialternativa.com.br\/wp-content\/uploads\/2026\/09\/sem-titulo-1-1068x712.webp 1068w, https:\/\/midialternativa.com.br\/wp-content\/uploads\/2026\/09\/sem-titulo-1-219x146.webp 219w\" sizes=\"auto, (max-width: 1200px) 100vw, 1200px\"><\/p>\n<p>A rede p\u00fablica de sa\u00fade mental do Distrito Federal ter\u00e1 uma nova unidade voltada ao p\u00fablico infantojuvenil no Recanto das Emas. O Centro de Aten\u00e7\u00e3o Psicossocial Infantojuvenil (CAPSi) est\u00e1 em constru\u00e7\u00e3o na regi\u00e3o e recebeu R$ 461 mil para a continuidade do projeto.<\/p>\n<p>Os recursos foram descentralizados pela Secretaria de Sa\u00fade do Distrito Federal (SES-DF) para a Companhia Urbanizadora da Nova Capital do Brasil (Novacap). A medida foi oficializada no Di\u00e1rio Oficial do Distrito Federal (DODF) de segunda-feira (31).<\/p>\n<p>A unidade est\u00e1 sendo implantada no Setor Hospitalar 104\/105, lote 25, e ter\u00e1 como finalidade oferecer atendimento em sa\u00fade mental a crian\u00e7as e adolescentes.<\/p>\n<p>De acordo com a SES-DF, o CAPSi do Recanto das Emas faz parte de um grupo de cinco centros que ainda ser\u00e3o entregues pelo Governo do Distrito Federal (GDF). O valor destinado \u00e0 Novacap est\u00e1 vinculado ao programa or\u00e7ament\u00e1rio espec\u00edfico para a constru\u00e7\u00e3o de unidades de aten\u00e7\u00e3o em sa\u00fade mental no DF.<\/p>\n<p>Com a descentraliza\u00e7\u00e3o, a Novacap poder\u00e1 utilizar os R$ 461 mil na execu\u00e7\u00e3o da obra. A companhia, no entanto, ter\u00e1 de comprovar posteriormente a destina\u00e7\u00e3o do dinheiro.<\/p>\n<p>A presta\u00e7\u00e3o de contas dever\u00e1 ocorrer ap\u00f3s a utiliza\u00e7\u00e3o integral do cr\u00e9dito, conforme estabelecido no ato que formalizou a transfer\u00eancia dos recursos.<\/p>\n<p>O post <a href=\"https:\/\/midialternativa.com.br\/gdf-destina-r-461-mil-para-construcao-de-novo-capsi-no-df\/\">GDF destina R$ 461 mil para constru\u00e7\u00e3o de novo CAPSi no DF<\/a> apareceu primeiro em <a href=\"https:\/\/midialternativa.com.br\/\">Midia Alernativa<\/a>.<\/p>\n","protected":false},"excerpt":{"rendered":"<p>A rede p\u00fablica de sa\u00fade mental do Distrito Federal ter\u00e1 uma nova unidade voltada ao p\u00fablico infantojuvenil no Recanto das Emas. O Centro de Aten\u00e7\u00e3o Psicossocial Infantojuvenil (CAPSi) est\u00e1 em constru\u00e7\u00e3o na regi\u00e3o e recebeu R$ 461 mil para a continuidade do projeto. Os recursos foram descentralizados pela Secretaria de Sa\u00fade do Distrito Federal (SES-DF) [&hellip;]<\/p>\n","protected":false},"author":15,"featured_media":351791,"comment_status":"open","ping_status":"open","sticky":false,"template":"","format":"standard","meta":{"jnews-multi-image_gallery":[],"jnews_single_post":[],"jnews_primary_category":[],"jnews_override_bookmark_settings":[],"jnews_food_recipe":[],"enable_food_recipe":"","food_recipe_title":"","food_recipe_description":"","food_recipe_serve":"","food_recipe_time":"","food_recipe_prep":"","food_recipe_level":"","food_recipe_keywords":"","food_recipe_category":"","food_recipe_cuisine":"","food_recipe_yield":"","food_recipe_calories":"","enable_print_recipe":"","ingredient":[],"instruction":"","jnews_social_meta":[],"jnews_paywall_metabox":[],"jnews_review":[],"enable_review":"","type":"","name":"","summary":"","brand":"","sku":"","good":[],"bad":[],"score_override":"","override_value":"","rating":[],"price":[],"jnews_override_counter":[],"jnews_post_split":[],"jnews_podcast_option":[],"jnews_podcast_series":[],"footnotes":""},"categories":[81],"tags":[],"jnews-series":[],"class_list":["post-351790","post","type-post","status-publish","format-standard","has-post-thumbnail","hentry","category-brasilia"],"amp_enabled":true,"_links":{"self":[{"href":"https:\/\/tribunabrasilia.com.br\/2\/wp-json\/wp\/v2\/posts\/351790","targetHints":{"allow":["GET"]}}],"collection":[{"href":"https:\/\/tribunabrasilia.com.br\/2\/wp-json\/wp\/v2\/posts"}],"about":[{"href":"https:\/\/tribunabrasilia.com.br\/2\/wp-json\/wp\/v2\/types\/post"}],"author":[{"embeddable":true,"href":"https:\/\/tribunabrasilia.com.br\/2\/wp-json\/wp\/v2\/users\/15"}],"replies":[{"embeddable":true,"href":"https:\/\/tribunabrasilia.com.br\/2\/wp-json\/wp\/v2\/comments?post=351790"}],"version-history":[{"count":0,"href":"https:\/\/tribunabrasilia.com.br\/2\/wp-json\/wp\/v2\/posts\/351790\/revisions"}],"wp:featuredmedia":[{"embeddable":true,"href":"https:\/\/tribunabrasilia.com.br\/2\/wp-json\/wp\/v2\/media\/351791"}],"wp:attachment":[{"href":"https:\/\/tribunabrasilia.com.br\/2\/wp-json\/wp\/v2\/media?parent=351790"}],"wp:term":[{"taxonomy":"category","embeddable":true,"href":"https:\/\/tribunabrasilia.com.br\/2\/wp-json\/wp\/v2\/categories?post=351790"},{"taxonomy":"post_tag","embeddable":true,"href":"https:\/\/tribunabrasilia.com.br\/2\/wp-json\/wp\/v2\/tags?post=351790"},{"taxonomy":"jnews-series","embeddable":true,"href":"https:\/\/tribunabrasilia.com.br\/2\/wp-json\/wp\/v2\/jnews-series?post=351790"}],"curies":[{"name":"wp","href":"https:\/\/api.w.org\/{rel}","templated":true}]}}