{"id":351788,"date":"2026-09-01T23:27:34","date_gmt":"2026-09-02T02:27:34","guid":{"rendered":"https:\/\/tribunabrasilia.com.br\/2\/concurso-da-sedes-df-tem-provas-neste-domingo-6-veja-horarios-salarios-e-o-que-levar\/"},"modified":"2026-09-01T23:27:34","modified_gmt":"2026-09-02T02:27:34","slug":"concurso-da-sedes-df-tem-provas-neste-domingo-6-veja-horarios-salarios-e-o-que-levar","status":"publish","type":"post","link":"https:\/\/tribunabrasilia.com.br\/2\/concurso-da-sedes-df-tem-provas-neste-domingo-6-veja-horarios-salarios-e-o-que-levar\/","title":{"rendered":"Concurso da Sedes-DF tem provas neste domingo (6); veja hor\u00e1rios, sal\u00e1rios e o que levar"},"content":{"rendered":"<p><img width=\"600\" height=\"375\" src=\"https:\/\/midialternativa.com.br\/wp-content\/uploads\/2023\/09\/1A-86-600x375-1.jpg\" class=\"attachment-post-thumbnail size-post-thumbnail wp-post-image\" alt=\"\" decoding=\"async\" srcset=\"https:\/\/midialternativa.com.br\/wp-content\/uploads\/2023\/09\/1A-86-600x375-1.jpg 600w, https:\/\/midialternativa.com.br\/wp-content\/uploads\/2023\/09\/1A-86-600x375-1-300x188.jpg 300w, https:\/\/midialternativa.com.br\/wp-content\/uploads\/2023\/09\/1A-86-600x375-1-150x94.jpg 150w\" sizes=\"(max-width: 600px) 100vw, 600px\"><\/p>\n<p><strong>Sele\u00e7\u00e3o oferece 1.197 vagas imediatas e prev\u00ea outras 3.591 para cadastro reserva. Remunera\u00e7\u00e3o inicial chega a R$ 6,6 mil<\/strong><\/p>\n<p>As provas do concurso da Secretaria de Desenvolvimento Social do Distrito Federal (Sedes-DF) ser\u00e3o realizadas neste domingo (6). Ao todo, o concurso prev\u00ea <strong>4.788 oportunidades<\/strong>, sendo 1.197 vagas imediatas e 3.591 para cadastro reserva.<\/p>\n<p>Os sal\u00e1rios iniciais variam de <strong>R$ 4.762,97 a R$ 6.693,38<\/strong>, de acordo com o cargo. Os aprovados poder\u00e3o ser nomeados para refor\u00e7ar os quadros da Sedes-DF e tamb\u00e9m das secretarias da Mulher e de Justi\u00e7a e Cidadania (Sejus).<\/p>\n<p>Organizado pelo Instituto Quadrix, o concurso ter\u00e1 <strong>provas objetiva e discursiva<\/strong>, com dura\u00e7\u00e3o de quatro horas. As informa\u00e7\u00f5es sobre a aplica\u00e7\u00e3o dos exames foram divulgadas nesta ter\u00e7a-feira (1\u00ba), no Di\u00e1rio Oficial do Distrito Federal (DODF).<\/p>\n<h2>Veja os hor\u00e1rios das provas<\/h2>\n<p>Os candidatos ser\u00e3o divididos em dois turnos, conforme o cargo:<\/p>\n<p><strong>Especialista em Desenvolvimento e Assist\u00eancia Social (EDAS)<\/strong><\/p>\n<ul>\n<li>Provas: manh\u00e3;<\/li>\n<li>Sal\u00e1rio inicial: R$ 6.693,38;<\/li>\n<li>Abertura dos port\u00f5es: 6h45;<\/li>\n<li>Fechamento dos port\u00f5es: 7h45.<\/li>\n<\/ul>\n<p><strong>T\u00e9cnico em Desenvolvimento e Assist\u00eancia Social (TDAS)<\/strong><\/p>\n<ul>\n<li>Provas: tarde;<\/li>\n<li>Sal\u00e1rio inicial: R$ 4.762,97;<\/li>\n<li>Abertura dos port\u00f5es: 13h45;<\/li>\n<li>Fechamento dos port\u00f5es: 14h45.<\/li>\n<\/ul>\n<p><strong>Aten\u00e7\u00e3o:<\/strong> n\u00e3o haver\u00e1 toler\u00e2ncia para atrasos. Depois do fechamento dos port\u00f5es, o candidato n\u00e3o poder\u00e1 entrar no local de prova.<\/p>\n<p>Os exames ser\u00e3o realizados somente no endere\u00e7o e no turno indicados para cada candidato.<\/p>\n<h2>O que levar para a prova<\/h2>\n<p>O candidato dever\u00e1 comparecer ao local de prova com:<\/p>\n<ul>\n<li>documento de identifica\u00e7\u00e3o original e v\u00e1lido;<\/li>\n<li>caneta esferogr\u00e1fica de tinta azul ou preta, fabricada em material transparente;<\/li>\n<li>comprovante de inscri\u00e7\u00e3o provis\u00f3ria ou comprovante de pagamento da taxa de inscri\u00e7\u00e3o.<\/li>\n<\/ul>\n<p>A organiza\u00e7\u00e3o alerta que o candidato <strong>n\u00e3o poder\u00e1 realizar a prova sem apresentar um documento de identifica\u00e7\u00e3o v\u00e1lido<\/strong>.<\/p>\n<p>Tamb\u00e9m n\u00e3o ser\u00e1 permitido permanecer no local de aplica\u00e7\u00e3o aguardando a chegada do documento.<\/p>\n<h2>Onde consultar o local da prova<\/h2>\n<p>Os candidatos devem consultar antecipadamente o endere\u00e7o onde far\u00e3o o exame. A informa\u00e7\u00e3o est\u00e1 dispon\u00edvel no site do Instituto Quadrix.<\/p>\n<p><a href=\"https:\/\/quadrix.org.br\/informacoes\/3056\/?utm_source=chatgpt.com\">Consulte o local de prova no Instituto Quadrix<\/a><\/p>\n<p>A recomenda\u00e7\u00e3o \u00e9 chegar com anteced\u00eancia para evitar imprevistos e n\u00e3o correr o risco de perder o hor\u00e1rio de fechamento dos port\u00f5es.<\/p>\n<p>\u00a0<\/p>\n<p>O post <a href=\"https:\/\/midialternativa.com.br\/concurso-da-sedes-df-tem-provas-neste-domingo-6-veja-horarios-salarios-e-o-que-levar\/\">Concurso da Sedes-DF tem provas neste domingo (6); veja hor\u00e1rios, sal\u00e1rios e o que levar<\/a> apareceu primeiro em <a href=\"https:\/\/midialternativa.com.br\/\">Midia Alernativa<\/a>.<\/p>\n","protected":false},"excerpt":{"rendered":"<p>Sele\u00e7\u00e3o oferece 1.197 vagas imediatas e prev\u00ea outras 3.591 para cadastro reserva. Remunera\u00e7\u00e3o inicial chega a R$ 6,6 mil As provas do concurso da Secretaria de Desenvolvimento Social do Distrito Federal (Sedes-DF) ser\u00e3o realizadas neste domingo (6). Ao todo, o concurso prev\u00ea 4.788 oportunidades, sendo 1.197 vagas imediatas e 3.591 para cadastro reserva. Os sal\u00e1rios [&hellip;]<\/p>\n","protected":false},"author":15,"featured_media":351789,"comment_status":"open","ping_status":"open","sticky":false,"template":"","format":"standard","meta":{"jnews-multi-image_gallery":[],"jnews_single_post":[],"jnews_primary_category":[],"jnews_override_bookmark_settings":[],"jnews_food_recipe":[],"enable_food_recipe":"","food_recipe_title":"","food_recipe_description":"","food_recipe_serve":"","food_recipe_time":"","food_recipe_prep":"","food_recipe_level":"","food_recipe_keywords":"","food_recipe_category":"","food_recipe_cuisine":"","food_recipe_yield":"","food_recipe_calories":"","enable_print_recipe":"","ingredient":[],"instruction":"","jnews_social_meta":[],"jnews_paywall_metabox":[],"jnews_review":[],"enable_review":"","type":"","name":"","summary":"","brand":"","sku":"","good":[],"bad":[],"score_override":"","override_value":"","rating":[],"price":[],"jnews_override_counter":[],"jnews_post_split":[],"jnews_podcast_option":[],"jnews_podcast_series":[],"footnotes":""},"categories":[81],"tags":[],"jnews-series":[],"class_list":["post-351788","post","type-post","status-publish","format-standard","has-post-thumbnail","hentry","category-brasilia"],"amp_enabled":true,"_links":{"self":[{"href":"https:\/\/tribunabrasilia.com.br\/2\/wp-json\/wp\/v2\/posts\/351788","targetHints":{"allow":["GET"]}}],"collection":[{"href":"https:\/\/tribunabrasilia.com.br\/2\/wp-json\/wp\/v2\/posts"}],"about":[{"href":"https:\/\/tribunabrasilia.com.br\/2\/wp-json\/wp\/v2\/types\/post"}],"author":[{"embeddable":true,"href":"https:\/\/tribunabrasilia.com.br\/2\/wp-json\/wp\/v2\/users\/15"}],"replies":[{"embeddable":true,"href":"https:\/\/tribunabrasilia.com.br\/2\/wp-json\/wp\/v2\/comments?post=351788"}],"version-history":[{"count":0,"href":"https:\/\/tribunabrasilia.com.br\/2\/wp-json\/wp\/v2\/posts\/351788\/revisions"}],"wp:featuredmedia":[{"embeddable":true,"href":"https:\/\/tribunabrasilia.com.br\/2\/wp-json\/wp\/v2\/media\/351789"}],"wp:attachment":[{"href":"https:\/\/tribunabrasilia.com.br\/2\/wp-json\/wp\/v2\/media?parent=351788"}],"wp:term":[{"taxonomy":"category","embeddable":true,"href":"https:\/\/tribunabrasilia.com.br\/2\/wp-json\/wp\/v2\/categories?post=351788"},{"taxonomy":"post_tag","embeddable":true,"href":"https:\/\/tribunabrasilia.com.br\/2\/wp-json\/wp\/v2\/tags?post=351788"},{"taxonomy":"jnews-series","embeddable":true,"href":"https:\/\/tribunabrasilia.com.br\/2\/wp-json\/wp\/v2\/jnews-series?post=351788"}],"curies":[{"name":"wp","href":"https:\/\/api.w.org\/{rel}","templated":true}]}}