{"id":351757,"date":"2026-08-31T23:30:06","date_gmt":"2026-09-01T02:30:06","guid":{"rendered":"https:\/\/tribunabrasilia.com.br\/2\/declinio-na-memoria-pode-comecar-a-partir-da-meia-idade-sugere-pesquisa\/"},"modified":"2026-08-31T23:30:06","modified_gmt":"2026-09-01T02:30:06","slug":"declinio-na-memoria-pode-comecar-a-partir-da-meia-idade-sugere-pesquisa","status":"publish","type":"post","link":"https:\/\/tribunabrasilia.com.br\/2\/declinio-na-memoria-pode-comecar-a-partir-da-meia-idade-sugere-pesquisa\/","title":{"rendered":"Decl\u00ednio na mem\u00f3ria pode come\u00e7ar a partir da meia idade, sugere pesquisa"},"content":{"rendered":"<p>Estudo com resson\u00e2ncia mostra que adultos passam a confundir associa\u00e7\u00f5es j\u00e1 na meia-idade, mesmo mantendo a sensa\u00e7\u00e3o de familiaridade<\/p>\n","protected":false},"excerpt":{"rendered":"<p>Estudo com resson\u00e2ncia mostra que adultos passam a confundir associa\u00e7\u00f5es j\u00e1 na meia-idade, mesmo mantendo a sensa\u00e7\u00e3o de familiaridade<\/p>\n","protected":false},"author":15,"featured_media":351758,"comment_status":"open","ping_status":"open","sticky":false,"template":"","format":"standard","meta":{"jnews-multi-image_gallery":[],"jnews_single_post":[],"jnews_primary_category":[],"jnews_override_bookmark_settings":[],"jnews_food_recipe":[],"enable_food_recipe":"","food_recipe_title":"","food_recipe_description":"","food_recipe_serve":"","food_recipe_time":"","food_recipe_prep":"","food_recipe_level":"","food_recipe_keywords":"","food_recipe_category":"","food_recipe_cuisine":"","food_recipe_yield":"","food_recipe_calories":"","enable_print_recipe":"","ingredient":[],"instruction":"","jnews_social_meta":[],"jnews_paywall_metabox":[],"jnews_review":[],"enable_review":"","type":"","name":"","summary":"","brand":"","sku":"","good":[],"bad":[],"score_override":"","override_value":"","rating":[],"price":[],"jnews_override_counter":[],"jnews_post_split":[],"jnews_podcast_option":[],"jnews_podcast_series":[],"footnotes":""},"categories":[900],"tags":[],"jnews-series":[],"class_list":["post-351757","post","type-post","status-publish","format-standard","has-post-thumbnail","hentry","category-saude"],"amp_enabled":true,"_links":{"self":[{"href":"https:\/\/tribunabrasilia.com.br\/2\/wp-json\/wp\/v2\/posts\/351757","targetHints":{"allow":["GET"]}}],"collection":[{"href":"https:\/\/tribunabrasilia.com.br\/2\/wp-json\/wp\/v2\/posts"}],"about":[{"href":"https:\/\/tribunabrasilia.com.br\/2\/wp-json\/wp\/v2\/types\/post"}],"author":[{"embeddable":true,"href":"https:\/\/tribunabrasilia.com.br\/2\/wp-json\/wp\/v2\/users\/15"}],"replies":[{"embeddable":true,"href":"https:\/\/tribunabrasilia.com.br\/2\/wp-json\/wp\/v2\/comments?post=351757"}],"version-history":[{"count":0,"href":"https:\/\/tribunabrasilia.com.br\/2\/wp-json\/wp\/v2\/posts\/351757\/revisions"}],"wp:featuredmedia":[{"embeddable":true,"href":"https:\/\/tribunabrasilia.com.br\/2\/wp-json\/wp\/v2\/media\/351758"}],"wp:attachment":[{"href":"https:\/\/tribunabrasilia.com.br\/2\/wp-json\/wp\/v2\/media?parent=351757"}],"wp:term":[{"taxonomy":"category","embeddable":true,"href":"https:\/\/tribunabrasilia.com.br\/2\/wp-json\/wp\/v2\/categories?post=351757"},{"taxonomy":"post_tag","embeddable":true,"href":"https:\/\/tribunabrasilia.com.br\/2\/wp-json\/wp\/v2\/tags?post=351757"},{"taxonomy":"jnews-series","embeddable":true,"href":"https:\/\/tribunabrasilia.com.br\/2\/wp-json\/wp\/v2\/jnews-series?post=351757"}],"curies":[{"name":"wp","href":"https:\/\/api.w.org\/{rel}","templated":true}]}}