{"id":351755,"date":"2026-08-31T23:30:07","date_gmt":"2026-09-01T02:30:07","guid":{"rendered":"https:\/\/tribunabrasilia.com.br\/2\/estudo-descobre-por-que-figado-nao-se-regenera-mesmo-ao-parar-de-beber\/"},"modified":"2026-08-31T23:30:07","modified_gmt":"2026-09-01T02:30:07","slug":"estudo-descobre-por-que-figado-nao-se-regenera-mesmo-ao-parar-de-beber","status":"publish","type":"post","link":"https:\/\/tribunabrasilia.com.br\/2\/estudo-descobre-por-que-figado-nao-se-regenera-mesmo-ao-parar-de-beber\/","title":{"rendered":"Estudo descobre por que f\u00edgado n\u00e3o se regenera mesmo ao parar de beber"},"content":{"rendered":"<p>A falta da prote\u00edna ESRP2, causada pela inflama\u00e7\u00e3o do \u00e1lcool no f\u00edgado, \u00e9 apontada como fator central para a n\u00e3o regenera\u00e7\u00e3o do \u00f3rg\u00e3o<\/p>\n","protected":false},"excerpt":{"rendered":"<p>A falta da prote\u00edna ESRP2, causada pela inflama\u00e7\u00e3o do \u00e1lcool no f\u00edgado, \u00e9 apontada como fator central para a n\u00e3o regenera\u00e7\u00e3o do \u00f3rg\u00e3o<\/p>\n","protected":false},"author":15,"featured_media":351756,"comment_status":"open","ping_status":"open","sticky":false,"template":"","format":"standard","meta":{"jnews-multi-image_gallery":[],"jnews_single_post":[],"jnews_primary_category":[],"jnews_override_bookmark_settings":[],"jnews_food_recipe":[],"enable_food_recipe":"","food_recipe_title":"","food_recipe_description":"","food_recipe_serve":"","food_recipe_time":"","food_recipe_prep":"","food_recipe_level":"","food_recipe_keywords":"","food_recipe_category":"","food_recipe_cuisine":"","food_recipe_yield":"","food_recipe_calories":"","enable_print_recipe":"","ingredient":[],"instruction":"","jnews_social_meta":[],"jnews_paywall_metabox":[],"jnews_review":[],"enable_review":"","type":"","name":"","summary":"","brand":"","sku":"","good":[],"bad":[],"score_override":"","override_value":"","rating":[],"price":[],"jnews_override_counter":[],"jnews_post_split":[],"jnews_podcast_option":[],"jnews_podcast_series":[],"footnotes":""},"categories":[900],"tags":[],"jnews-series":[],"class_list":["post-351755","post","type-post","status-publish","format-standard","has-post-thumbnail","hentry","category-saude"],"amp_enabled":true,"_links":{"self":[{"href":"https:\/\/tribunabrasilia.com.br\/2\/wp-json\/wp\/v2\/posts\/351755","targetHints":{"allow":["GET"]}}],"collection":[{"href":"https:\/\/tribunabrasilia.com.br\/2\/wp-json\/wp\/v2\/posts"}],"about":[{"href":"https:\/\/tribunabrasilia.com.br\/2\/wp-json\/wp\/v2\/types\/post"}],"author":[{"embeddable":true,"href":"https:\/\/tribunabrasilia.com.br\/2\/wp-json\/wp\/v2\/users\/15"}],"replies":[{"embeddable":true,"href":"https:\/\/tribunabrasilia.com.br\/2\/wp-json\/wp\/v2\/comments?post=351755"}],"version-history":[{"count":0,"href":"https:\/\/tribunabrasilia.com.br\/2\/wp-json\/wp\/v2\/posts\/351755\/revisions"}],"wp:featuredmedia":[{"embeddable":true,"href":"https:\/\/tribunabrasilia.com.br\/2\/wp-json\/wp\/v2\/media\/351756"}],"wp:attachment":[{"href":"https:\/\/tribunabrasilia.com.br\/2\/wp-json\/wp\/v2\/media?parent=351755"}],"wp:term":[{"taxonomy":"category","embeddable":true,"href":"https:\/\/tribunabrasilia.com.br\/2\/wp-json\/wp\/v2\/categories?post=351755"},{"taxonomy":"post_tag","embeddable":true,"href":"https:\/\/tribunabrasilia.com.br\/2\/wp-json\/wp\/v2\/tags?post=351755"},{"taxonomy":"jnews-series","embeddable":true,"href":"https:\/\/tribunabrasilia.com.br\/2\/wp-json\/wp\/v2\/jnews-series?post=351755"}],"curies":[{"name":"wp","href":"https:\/\/api.w.org\/{rel}","templated":true}]}}