{"id":351735,"date":"2026-08-31T23:28:44","date_gmt":"2026-09-01T02:28:44","guid":{"rendered":"https:\/\/tribunabrasilia.com.br\/2\/homem-pega-13-anos-por-estupro-que-deixou-jovem-com-dano-neurologico-em-al\/"},"modified":"2026-08-31T23:28:44","modified_gmt":"2026-09-01T02:28:44","slug":"homem-pega-13-anos-por-estupro-que-deixou-jovem-com-dano-neurologico-em-al","status":"publish","type":"post","link":"https:\/\/tribunabrasilia.com.br\/2\/homem-pega-13-anos-por-estupro-que-deixou-jovem-com-dano-neurologico-em-al\/","title":{"rendered":"Homem pega 13 anos por estupro que deixou jovem com dano neurol\u00f3gico em AL"},"content":{"rendered":"<p>Crime ocorreu ap\u00f3s confraterniza\u00e7\u00e3o escolar, em dezembro de 2024. V\u00edtima ficou cinco dias em coma e hoje precisa de ajuda para atividades<\/p>\n","protected":false},"excerpt":{"rendered":"<p>Crime ocorreu ap\u00f3s confraterniza\u00e7\u00e3o escolar, em dezembro de 2024. V\u00edtima ficou cinco dias em coma e hoje precisa de ajuda para atividades<\/p>\n","protected":false},"author":15,"featured_media":351736,"comment_status":"open","ping_status":"open","sticky":false,"template":"","format":"standard","meta":{"jnews-multi-image_gallery":[],"jnews_single_post":[],"jnews_primary_category":[],"jnews_override_bookmark_settings":[],"jnews_food_recipe":[],"enable_food_recipe":"","food_recipe_title":"","food_recipe_description":"","food_recipe_serve":"","food_recipe_time":"","food_recipe_prep":"","food_recipe_level":"","food_recipe_keywords":"","food_recipe_category":"","food_recipe_cuisine":"","food_recipe_yield":"","food_recipe_calories":"","enable_print_recipe":"","ingredient":[],"instruction":"","jnews_social_meta":[],"jnews_paywall_metabox":[],"jnews_review":[],"enable_review":"","type":"","name":"","summary":"","brand":"","sku":"","good":[],"bad":[],"score_override":"","override_value":"","rating":[],"price":[],"jnews_override_counter":[],"jnews_post_split":[],"jnews_podcast_option":[],"jnews_podcast_series":[],"footnotes":""},"categories":[2],"tags":[],"jnews-series":[],"class_list":["post-351735","post","type-post","status-publish","format-standard","has-post-thumbnail","hentry","category-brasil"],"amp_enabled":true,"_links":{"self":[{"href":"https:\/\/tribunabrasilia.com.br\/2\/wp-json\/wp\/v2\/posts\/351735","targetHints":{"allow":["GET"]}}],"collection":[{"href":"https:\/\/tribunabrasilia.com.br\/2\/wp-json\/wp\/v2\/posts"}],"about":[{"href":"https:\/\/tribunabrasilia.com.br\/2\/wp-json\/wp\/v2\/types\/post"}],"author":[{"embeddable":true,"href":"https:\/\/tribunabrasilia.com.br\/2\/wp-json\/wp\/v2\/users\/15"}],"replies":[{"embeddable":true,"href":"https:\/\/tribunabrasilia.com.br\/2\/wp-json\/wp\/v2\/comments?post=351735"}],"version-history":[{"count":0,"href":"https:\/\/tribunabrasilia.com.br\/2\/wp-json\/wp\/v2\/posts\/351735\/revisions"}],"wp:featuredmedia":[{"embeddable":true,"href":"https:\/\/tribunabrasilia.com.br\/2\/wp-json\/wp\/v2\/media\/351736"}],"wp:attachment":[{"href":"https:\/\/tribunabrasilia.com.br\/2\/wp-json\/wp\/v2\/media?parent=351735"}],"wp:term":[{"taxonomy":"category","embeddable":true,"href":"https:\/\/tribunabrasilia.com.br\/2\/wp-json\/wp\/v2\/categories?post=351735"},{"taxonomy":"post_tag","embeddable":true,"href":"https:\/\/tribunabrasilia.com.br\/2\/wp-json\/wp\/v2\/tags?post=351735"},{"taxonomy":"jnews-series","embeddable":true,"href":"https:\/\/tribunabrasilia.com.br\/2\/wp-json\/wp\/v2\/jnews-series?post=351735"}],"curies":[{"name":"wp","href":"https:\/\/api.w.org\/{rel}","templated":true}]}}