{"id":351727,"date":"2026-08-31T23:28:12","date_gmt":"2026-09-01T02:28:12","guid":{"rendered":"https:\/\/tribunabrasilia.com.br\/2\/expomerco-2026-e-lancada-em-chapeco-com-expectativa-de-40-mil-visitantes-e-r-15-milhoes-em-negocios\/"},"modified":"2026-08-31T23:28:12","modified_gmt":"2026-09-01T02:28:12","slug":"expomerco-2026-e-lancada-em-chapeco-com-expectativa-de-40-mil-visitantes-e-r-15-milhoes-em-negocios","status":"publish","type":"post","link":"https:\/\/tribunabrasilia.com.br\/2\/expomerco-2026-e-lancada-em-chapeco-com-expectativa-de-40-mil-visitantes-e-r-15-milhoes-em-negocios\/","title":{"rendered":"EXPOMERCO 2026 \u00e9 lan\u00e7ada em Chapec\u00f3 com expectativa de 40 mil visitantes e R$ 15 milh\u00f5es em neg\u00f3cios"},"content":{"rendered":"<p>A\u00a0EXPOMERCO 2026\u00a0foi oficialmente lan\u00e7ada nesta quinta-feira (27), em Chapec\u00f3, durante evento realizado na Casa do Criador, no Parque de Exposi\u00e7\u00f5es Dr. Valmor Ernesto Lunardi. O encontro reuniu autoridades, representantes de entidades ligadas ao agroneg\u00f3cio, produtores, convidados e profissionais da imprensa para a apresenta\u00e7\u00e3o da feira, marcada para os dias 24 a 27 de setembro. Com [\u2026]<\/p>\n<p>O post <a href=\"https:\/\/www.pandoranews.com.br\/expomerco-2026-e-lancada-em-chapeco-com-expectativa-de-40-mil-visitantes-e-r-15-milhoes-em-negocios\/\">EXPOMERCO 2026 \u00e9 lan\u00e7ada em Chapec\u00f3 com expectativa de 40 mil visitantes e R$ 15 milh\u00f5es em neg\u00f3cios<\/a> apareceu primeiro em <a href=\"https:\/\/www.pandoranews.com.br\/\">PANDORA NEWS &#8211; Sua caixa de not\u00edcias<\/a>.<\/p>\n","protected":false},"excerpt":{"rendered":"<p>A\u00a0EXPOMERCO 2026\u00a0foi oficialmente lan\u00e7ada nesta quinta-feira (27), em Chapec\u00f3, durante evento realizado na Casa do Criador, no Parque de Exposi\u00e7\u00f5es Dr. Valmor Ernesto Lunardi. O encontro reuniu autoridades, representantes de entidades ligadas ao agroneg\u00f3cio, produtores, convidados e profissionais da imprensa para a apresenta\u00e7\u00e3o da feira, marcada para os dias 24 a 27 de setembro. Com [&hellip;]<\/p>\n","protected":false},"author":15,"featured_media":351728,"comment_status":"open","ping_status":"open","sticky":false,"template":"","format":"standard","meta":{"jnews-multi-image_gallery":[],"jnews_single_post":[],"jnews_primary_category":[],"jnews_override_bookmark_settings":[],"jnews_food_recipe":[],"enable_food_recipe":"","food_recipe_title":"","food_recipe_description":"","food_recipe_serve":"","food_recipe_time":"","food_recipe_prep":"","food_recipe_level":"","food_recipe_keywords":"","food_recipe_category":"","food_recipe_cuisine":"","food_recipe_yield":"","food_recipe_calories":"","enable_print_recipe":"","ingredient":[],"instruction":"","jnews_social_meta":[],"jnews_paywall_metabox":[],"jnews_review":[],"enable_review":"","type":"","name":"","summary":"","brand":"","sku":"","good":[],"bad":[],"score_override":"","override_value":"","rating":[],"price":[],"jnews_override_counter":[],"jnews_post_split":[],"jnews_podcast_option":[],"jnews_podcast_series":[],"footnotes":""},"categories":[81],"tags":[],"jnews-series":[],"class_list":["post-351727","post","type-post","status-publish","format-standard","has-post-thumbnail","hentry","category-brasilia"],"amp_enabled":true,"_links":{"self":[{"href":"https:\/\/tribunabrasilia.com.br\/2\/wp-json\/wp\/v2\/posts\/351727","targetHints":{"allow":["GET"]}}],"collection":[{"href":"https:\/\/tribunabrasilia.com.br\/2\/wp-json\/wp\/v2\/posts"}],"about":[{"href":"https:\/\/tribunabrasilia.com.br\/2\/wp-json\/wp\/v2\/types\/post"}],"author":[{"embeddable":true,"href":"https:\/\/tribunabrasilia.com.br\/2\/wp-json\/wp\/v2\/users\/15"}],"replies":[{"embeddable":true,"href":"https:\/\/tribunabrasilia.com.br\/2\/wp-json\/wp\/v2\/comments?post=351727"}],"version-history":[{"count":0,"href":"https:\/\/tribunabrasilia.com.br\/2\/wp-json\/wp\/v2\/posts\/351727\/revisions"}],"wp:featuredmedia":[{"embeddable":true,"href":"https:\/\/tribunabrasilia.com.br\/2\/wp-json\/wp\/v2\/media\/351728"}],"wp:attachment":[{"href":"https:\/\/tribunabrasilia.com.br\/2\/wp-json\/wp\/v2\/media?parent=351727"}],"wp:term":[{"taxonomy":"category","embeddable":true,"href":"https:\/\/tribunabrasilia.com.br\/2\/wp-json\/wp\/v2\/categories?post=351727"},{"taxonomy":"post_tag","embeddable":true,"href":"https:\/\/tribunabrasilia.com.br\/2\/wp-json\/wp\/v2\/tags?post=351727"},{"taxonomy":"jnews-series","embeddable":true,"href":"https:\/\/tribunabrasilia.com.br\/2\/wp-json\/wp\/v2\/jnews-series?post=351727"}],"curies":[{"name":"wp","href":"https:\/\/api.w.org\/{rel}","templated":true}]}}