{"id":351721,"date":"2026-08-31T23:28:15","date_gmt":"2026-09-01T02:28:15","guid":{"rendered":"https:\/\/tribunabrasilia.com.br\/2\/alem-do-prato-o-papel-transformador-do-nutricionista-na-saude-integral\/"},"modified":"2026-08-31T23:28:15","modified_gmt":"2026-09-01T02:28:15","slug":"alem-do-prato-o-papel-transformador-do-nutricionista-na-saude-integral","status":"publish","type":"post","link":"https:\/\/tribunabrasilia.com.br\/2\/alem-do-prato-o-papel-transformador-do-nutricionista-na-saude-integral\/","title":{"rendered":"Al\u00e9m do Prato: O Papel Transformador do Nutricionista na Sa\u00fade Integral"},"content":{"rendered":"<p>Muito al\u00e9m de prescrever dietas, profissionais da nutri\u00e7\u00e3o atuam como educadores, cientistas e aliados na busca por qualidade de vida e longevidade Celebrado em 31 de agosto, o Dia do Nutricionista homenageia os profissionais dedicados a compreender a rela\u00e7\u00e3o entre o alimento e o bem-estar do corpo e da mente. A data marca a funda\u00e7\u00e3o [\u2026]<\/p>\n<p>O post <a href=\"https:\/\/www.pandoranews.com.br\/alem-do-prato-o-papel-transformador-do-nutricionista-na-saude-integral\/\">Al\u00e9m do Prato: O Papel Transformador do Nutricionista na Sa\u00fade Integral<\/a> apareceu primeiro em <a href=\"https:\/\/www.pandoranews.com.br\/\">PANDORA NEWS &#8211; Sua caixa de not\u00edcias<\/a>.<\/p>\n","protected":false},"excerpt":{"rendered":"<p>Muito al\u00e9m de prescrever dietas, profissionais da nutri\u00e7\u00e3o atuam como educadores, cientistas e aliados na busca por qualidade de vida e longevidade Celebrado em 31 de agosto, o Dia do Nutricionista homenageia os profissionais dedicados a compreender a rela\u00e7\u00e3o entre o alimento e o bem-estar do corpo e da mente. A data marca a funda\u00e7\u00e3o [&hellip;]<\/p>\n","protected":false},"author":15,"featured_media":351722,"comment_status":"open","ping_status":"open","sticky":false,"template":"","format":"standard","meta":{"jnews-multi-image_gallery":[],"jnews_single_post":[],"jnews_primary_category":[],"jnews_override_bookmark_settings":[],"jnews_food_recipe":[],"enable_food_recipe":"","food_recipe_title":"","food_recipe_description":"","food_recipe_serve":"","food_recipe_time":"","food_recipe_prep":"","food_recipe_level":"","food_recipe_keywords":"","food_recipe_category":"","food_recipe_cuisine":"","food_recipe_yield":"","food_recipe_calories":"","enable_print_recipe":"","ingredient":[],"instruction":"","jnews_social_meta":[],"jnews_paywall_metabox":[],"jnews_review":[],"enable_review":"","type":"","name":"","summary":"","brand":"","sku":"","good":[],"bad":[],"score_override":"","override_value":"","rating":[],"price":[],"jnews_override_counter":[],"jnews_post_split":[],"jnews_podcast_option":[],"jnews_podcast_series":[],"footnotes":""},"categories":[81],"tags":[],"jnews-series":[],"class_list":["post-351721","post","type-post","status-publish","format-standard","has-post-thumbnail","hentry","category-brasilia"],"amp_enabled":true,"_links":{"self":[{"href":"https:\/\/tribunabrasilia.com.br\/2\/wp-json\/wp\/v2\/posts\/351721","targetHints":{"allow":["GET"]}}],"collection":[{"href":"https:\/\/tribunabrasilia.com.br\/2\/wp-json\/wp\/v2\/posts"}],"about":[{"href":"https:\/\/tribunabrasilia.com.br\/2\/wp-json\/wp\/v2\/types\/post"}],"author":[{"embeddable":true,"href":"https:\/\/tribunabrasilia.com.br\/2\/wp-json\/wp\/v2\/users\/15"}],"replies":[{"embeddable":true,"href":"https:\/\/tribunabrasilia.com.br\/2\/wp-json\/wp\/v2\/comments?post=351721"}],"version-history":[{"count":0,"href":"https:\/\/tribunabrasilia.com.br\/2\/wp-json\/wp\/v2\/posts\/351721\/revisions"}],"wp:featuredmedia":[{"embeddable":true,"href":"https:\/\/tribunabrasilia.com.br\/2\/wp-json\/wp\/v2\/media\/351722"}],"wp:attachment":[{"href":"https:\/\/tribunabrasilia.com.br\/2\/wp-json\/wp\/v2\/media?parent=351721"}],"wp:term":[{"taxonomy":"category","embeddable":true,"href":"https:\/\/tribunabrasilia.com.br\/2\/wp-json\/wp\/v2\/categories?post=351721"},{"taxonomy":"post_tag","embeddable":true,"href":"https:\/\/tribunabrasilia.com.br\/2\/wp-json\/wp\/v2\/tags?post=351721"},{"taxonomy":"jnews-series","embeddable":true,"href":"https:\/\/tribunabrasilia.com.br\/2\/wp-json\/wp\/v2\/jnews-series?post=351721"}],"curies":[{"name":"wp","href":"https:\/\/api.w.org\/{rel}","templated":true}]}}