{"id":351699,"date":"2026-08-30T22:28:58","date_gmt":"2026-08-31T01:28:58","guid":{"rendered":"https:\/\/tribunabrasilia.com.br\/2\/campanha-de-lula-pede-ao-tse-inelegibilidade-de-flavio-por-abuso-economico\/"},"modified":"2026-08-30T22:28:58","modified_gmt":"2026-08-31T01:28:58","slug":"campanha-de-lula-pede-ao-tse-inelegibilidade-de-flavio-por-abuso-economico","status":"publish","type":"post","link":"https:\/\/tribunabrasilia.com.br\/2\/campanha-de-lula-pede-ao-tse-inelegibilidade-de-flavio-por-abuso-economico\/","title":{"rendered":"Campanha de Lula pede ao TSE inelegibilidade de Fl\u00e1vio por abuso econ\u00f4mico"},"content":{"rendered":"<p>Campanha de Lula acusa Fl\u00e1vio Bolsonaro de usar estrutura da Festa do Pe\u00e3o de Barretos para fazer campanha e pede cassa\u00e7\u00e3o da chapa<\/p>\n","protected":false},"excerpt":{"rendered":"<p>Campanha de Lula acusa Fl\u00e1vio Bolsonaro de usar estrutura da Festa do Pe\u00e3o de Barretos para fazer campanha e pede cassa\u00e7\u00e3o da chapa<\/p>\n","protected":false},"author":15,"featured_media":351700,"comment_status":"open","ping_status":"open","sticky":false,"template":"","format":"standard","meta":{"jnews-multi-image_gallery":[],"jnews_single_post":[],"jnews_primary_category":[],"jnews_override_bookmark_settings":[],"jnews_food_recipe":[],"enable_food_recipe":"","food_recipe_title":"","food_recipe_description":"","food_recipe_serve":"","food_recipe_time":"","food_recipe_prep":"","food_recipe_level":"","food_recipe_keywords":"","food_recipe_category":"","food_recipe_cuisine":"","food_recipe_yield":"","food_recipe_calories":"","enable_print_recipe":"","ingredient":[],"instruction":"","jnews_social_meta":[],"jnews_paywall_metabox":[],"jnews_review":[],"enable_review":"","type":"","name":"","summary":"","brand":"","sku":"","good":[],"bad":[],"score_override":"","override_value":"","rating":[],"price":[],"jnews_override_counter":[],"jnews_post_split":[],"jnews_podcast_option":[],"jnews_podcast_series":[],"footnotes":""},"categories":[2],"tags":[],"jnews-series":[],"class_list":["post-351699","post","type-post","status-publish","format-standard","has-post-thumbnail","hentry","category-brasil"],"amp_enabled":true,"_links":{"self":[{"href":"https:\/\/tribunabrasilia.com.br\/2\/wp-json\/wp\/v2\/posts\/351699","targetHints":{"allow":["GET"]}}],"collection":[{"href":"https:\/\/tribunabrasilia.com.br\/2\/wp-json\/wp\/v2\/posts"}],"about":[{"href":"https:\/\/tribunabrasilia.com.br\/2\/wp-json\/wp\/v2\/types\/post"}],"author":[{"embeddable":true,"href":"https:\/\/tribunabrasilia.com.br\/2\/wp-json\/wp\/v2\/users\/15"}],"replies":[{"embeddable":true,"href":"https:\/\/tribunabrasilia.com.br\/2\/wp-json\/wp\/v2\/comments?post=351699"}],"version-history":[{"count":0,"href":"https:\/\/tribunabrasilia.com.br\/2\/wp-json\/wp\/v2\/posts\/351699\/revisions"}],"wp:featuredmedia":[{"embeddable":true,"href":"https:\/\/tribunabrasilia.com.br\/2\/wp-json\/wp\/v2\/media\/351700"}],"wp:attachment":[{"href":"https:\/\/tribunabrasilia.com.br\/2\/wp-json\/wp\/v2\/media?parent=351699"}],"wp:term":[{"taxonomy":"category","embeddable":true,"href":"https:\/\/tribunabrasilia.com.br\/2\/wp-json\/wp\/v2\/categories?post=351699"},{"taxonomy":"post_tag","embeddable":true,"href":"https:\/\/tribunabrasilia.com.br\/2\/wp-json\/wp\/v2\/tags?post=351699"},{"taxonomy":"jnews-series","embeddable":true,"href":"https:\/\/tribunabrasilia.com.br\/2\/wp-json\/wp\/v2\/jnews-series?post=351699"}],"curies":[{"name":"wp","href":"https:\/\/api.w.org\/{rel}","templated":true}]}}