{"id":351691,"date":"2026-08-30T22:29:02","date_gmt":"2026-08-31T01:29:02","guid":{"rendered":"https:\/\/tribunabrasilia.com.br\/2\/candidata-do-meme-voce-quer-me-calar-sofre-avc-e-e-internada-em-uti\/"},"modified":"2026-08-30T22:29:02","modified_gmt":"2026-08-31T01:29:02","slug":"candidata-do-meme-voce-quer-me-calar-sofre-avc-e-e-internada-em-uti","status":"publish","type":"post","link":"https:\/\/tribunabrasilia.com.br\/2\/candidata-do-meme-voce-quer-me-calar-sofre-avc-e-e-internada-em-uti\/","title":{"rendered":"Candidata do meme \u201cvoc\u00ea quer me calar?\u201d sofre AVC e \u00e9 internada em UTI"},"content":{"rendered":"<p>Candidata Lourdes Melo, do PCO, tem 73 anos e disputa o governo do Piau\u00ed. Segundo a fam\u00edlia, ela est\u00e1 l\u00facida, consciente e conversando<\/p>\n","protected":false},"excerpt":{"rendered":"<p>Candidata Lourdes Melo, do PCO, tem 73 anos e disputa o governo do Piau\u00ed. Segundo a fam\u00edlia, ela est\u00e1 l\u00facida, consciente e conversando<\/p>\n","protected":false},"author":15,"featured_media":351692,"comment_status":"open","ping_status":"open","sticky":false,"template":"","format":"standard","meta":{"jnews-multi-image_gallery":[],"jnews_single_post":[],"jnews_primary_category":[],"jnews_override_bookmark_settings":[],"jnews_food_recipe":[],"enable_food_recipe":"","food_recipe_title":"","food_recipe_description":"","food_recipe_serve":"","food_recipe_time":"","food_recipe_prep":"","food_recipe_level":"","food_recipe_keywords":"","food_recipe_category":"","food_recipe_cuisine":"","food_recipe_yield":"","food_recipe_calories":"","enable_print_recipe":"","ingredient":[],"instruction":"","jnews_social_meta":[],"jnews_paywall_metabox":[],"jnews_review":[],"enable_review":"","type":"","name":"","summary":"","brand":"","sku":"","good":[],"bad":[],"score_override":"","override_value":"","rating":[],"price":[],"jnews_override_counter":[],"jnews_post_split":[],"jnews_podcast_option":[],"jnews_podcast_series":[],"footnotes":""},"categories":[2],"tags":[],"jnews-series":[],"class_list":["post-351691","post","type-post","status-publish","format-standard","has-post-thumbnail","hentry","category-brasil"],"amp_enabled":true,"_links":{"self":[{"href":"https:\/\/tribunabrasilia.com.br\/2\/wp-json\/wp\/v2\/posts\/351691","targetHints":{"allow":["GET"]}}],"collection":[{"href":"https:\/\/tribunabrasilia.com.br\/2\/wp-json\/wp\/v2\/posts"}],"about":[{"href":"https:\/\/tribunabrasilia.com.br\/2\/wp-json\/wp\/v2\/types\/post"}],"author":[{"embeddable":true,"href":"https:\/\/tribunabrasilia.com.br\/2\/wp-json\/wp\/v2\/users\/15"}],"replies":[{"embeddable":true,"href":"https:\/\/tribunabrasilia.com.br\/2\/wp-json\/wp\/v2\/comments?post=351691"}],"version-history":[{"count":0,"href":"https:\/\/tribunabrasilia.com.br\/2\/wp-json\/wp\/v2\/posts\/351691\/revisions"}],"wp:featuredmedia":[{"embeddable":true,"href":"https:\/\/tribunabrasilia.com.br\/2\/wp-json\/wp\/v2\/media\/351692"}],"wp:attachment":[{"href":"https:\/\/tribunabrasilia.com.br\/2\/wp-json\/wp\/v2\/media?parent=351691"}],"wp:term":[{"taxonomy":"category","embeddable":true,"href":"https:\/\/tribunabrasilia.com.br\/2\/wp-json\/wp\/v2\/categories?post=351691"},{"taxonomy":"post_tag","embeddable":true,"href":"https:\/\/tribunabrasilia.com.br\/2\/wp-json\/wp\/v2\/tags?post=351691"},{"taxonomy":"jnews-series","embeddable":true,"href":"https:\/\/tribunabrasilia.com.br\/2\/wp-json\/wp\/v2\/jnews-series?post=351691"}],"curies":[{"name":"wp","href":"https:\/\/api.w.org\/{rel}","templated":true}]}}