{"id":351673,"date":"2026-08-29T22:31:27","date_gmt":"2026-08-30T01:31:27","guid":{"rendered":"https:\/\/tribunabrasilia.com.br\/2\/preco-e-o-maior-entrave-para-incorporacao-de-canetas-emagrecedoras-no-sus\/"},"modified":"2026-08-29T22:31:27","modified_gmt":"2026-08-30T01:31:27","slug":"preco-e-o-maior-entrave-para-incorporacao-de-canetas-emagrecedoras-no-sus","status":"publish","type":"post","link":"https:\/\/tribunabrasilia.com.br\/2\/preco-e-o-maior-entrave-para-incorporacao-de-canetas-emagrecedoras-no-sus\/","title":{"rendered":"Pre\u00e7o \u00e9 o maior entrave para incorpora\u00e7\u00e3o de canetas emagrecedoras no SUS"},"content":{"rendered":"<p>Considerando as mais de 200 doen\u00e7as associadas \u00e0 obesidade, SBEM refor\u00e7a a urg\u00eancia de ofertar medicamentos para tratar a condi\u00e7\u00e3o no SUS<\/p>\n","protected":false},"excerpt":{"rendered":"<p>Considerando as mais de 200 doen\u00e7as associadas \u00e0 obesidade, SBEM refor\u00e7a a urg\u00eancia de ofertar medicamentos para tratar a condi\u00e7\u00e3o no SUS<\/p>\n","protected":false},"author":15,"featured_media":351674,"comment_status":"open","ping_status":"open","sticky":false,"template":"","format":"standard","meta":{"jnews-multi-image_gallery":[],"jnews_single_post":[],"jnews_primary_category":[],"jnews_override_bookmark_settings":[],"jnews_food_recipe":[],"enable_food_recipe":"","food_recipe_title":"","food_recipe_description":"","food_recipe_serve":"","food_recipe_time":"","food_recipe_prep":"","food_recipe_level":"","food_recipe_keywords":"","food_recipe_category":"","food_recipe_cuisine":"","food_recipe_yield":"","food_recipe_calories":"","enable_print_recipe":"","ingredient":[],"instruction":"","jnews_social_meta":[],"jnews_paywall_metabox":[],"jnews_review":[],"enable_review":"","type":"","name":"","summary":"","brand":"","sku":"","good":[],"bad":[],"score_override":"","override_value":"","rating":[],"price":[],"jnews_override_counter":[],"jnews_post_split":[],"jnews_podcast_option":[],"jnews_podcast_series":[],"footnotes":""},"categories":[900],"tags":[],"jnews-series":[],"class_list":["post-351673","post","type-post","status-publish","format-standard","has-post-thumbnail","hentry","category-saude"],"amp_enabled":true,"_links":{"self":[{"href":"https:\/\/tribunabrasilia.com.br\/2\/wp-json\/wp\/v2\/posts\/351673","targetHints":{"allow":["GET"]}}],"collection":[{"href":"https:\/\/tribunabrasilia.com.br\/2\/wp-json\/wp\/v2\/posts"}],"about":[{"href":"https:\/\/tribunabrasilia.com.br\/2\/wp-json\/wp\/v2\/types\/post"}],"author":[{"embeddable":true,"href":"https:\/\/tribunabrasilia.com.br\/2\/wp-json\/wp\/v2\/users\/15"}],"replies":[{"embeddable":true,"href":"https:\/\/tribunabrasilia.com.br\/2\/wp-json\/wp\/v2\/comments?post=351673"}],"version-history":[{"count":0,"href":"https:\/\/tribunabrasilia.com.br\/2\/wp-json\/wp\/v2\/posts\/351673\/revisions"}],"wp:featuredmedia":[{"embeddable":true,"href":"https:\/\/tribunabrasilia.com.br\/2\/wp-json\/wp\/v2\/media\/351674"}],"wp:attachment":[{"href":"https:\/\/tribunabrasilia.com.br\/2\/wp-json\/wp\/v2\/media?parent=351673"}],"wp:term":[{"taxonomy":"category","embeddable":true,"href":"https:\/\/tribunabrasilia.com.br\/2\/wp-json\/wp\/v2\/categories?post=351673"},{"taxonomy":"post_tag","embeddable":true,"href":"https:\/\/tribunabrasilia.com.br\/2\/wp-json\/wp\/v2\/tags?post=351673"},{"taxonomy":"jnews-series","embeddable":true,"href":"https:\/\/tribunabrasilia.com.br\/2\/wp-json\/wp\/v2\/jnews-series?post=351673"}],"curies":[{"name":"wp","href":"https:\/\/api.w.org\/{rel}","templated":true}]}}