{"id":351657,"date":"2026-08-29T22:29:45","date_gmt":"2026-08-30T01:29:45","guid":{"rendered":"https:\/\/tribunabrasilia.com.br\/2\/ex-comandante-da-fab-rebate-flavio-e-diz-nao-fazer-campanha-para-lula\/"},"modified":"2026-08-29T22:29:45","modified_gmt":"2026-08-30T01:29:45","slug":"ex-comandante-da-fab-rebate-flavio-e-diz-nao-fazer-campanha-para-lula","status":"publish","type":"post","link":"https:\/\/tribunabrasilia.com.br\/2\/ex-comandante-da-fab-rebate-flavio-e-diz-nao-fazer-campanha-para-lula\/","title":{"rendered":"Ex-comandante da FAB rebate Fl\u00e1vio e diz n\u00e3o fazer campanha para Lula"},"content":{"rendered":"<p>Durante sabatina no JN, Fl\u00e1vio Bolsonaro tentou descredibilizar o depoimento do brigadeiro Baptista J\u00fanior sobre a tentativa de golpe<\/p>\n","protected":false},"excerpt":{"rendered":"<p>Durante sabatina no JN, Fl\u00e1vio Bolsonaro tentou descredibilizar o depoimento do brigadeiro Baptista J\u00fanior sobre a tentativa de golpe<\/p>\n","protected":false},"author":15,"featured_media":351658,"comment_status":"open","ping_status":"open","sticky":false,"template":"","format":"standard","meta":{"jnews-multi-image_gallery":[],"jnews_single_post":[],"jnews_primary_category":[],"jnews_override_bookmark_settings":[],"jnews_food_recipe":[],"enable_food_recipe":"","food_recipe_title":"","food_recipe_description":"","food_recipe_serve":"","food_recipe_time":"","food_recipe_prep":"","food_recipe_level":"","food_recipe_keywords":"","food_recipe_category":"","food_recipe_cuisine":"","food_recipe_yield":"","food_recipe_calories":"","enable_print_recipe":"","ingredient":[],"instruction":"","jnews_social_meta":[],"jnews_paywall_metabox":[],"jnews_review":[],"enable_review":"","type":"","name":"","summary":"","brand":"","sku":"","good":[],"bad":[],"score_override":"","override_value":"","rating":[],"price":[],"jnews_override_counter":[],"jnews_post_split":[],"jnews_podcast_option":[],"jnews_podcast_series":[],"footnotes":""},"categories":[2],"tags":[],"jnews-series":[],"class_list":["post-351657","post","type-post","status-publish","format-standard","has-post-thumbnail","hentry","category-brasil"],"amp_enabled":true,"_links":{"self":[{"href":"https:\/\/tribunabrasilia.com.br\/2\/wp-json\/wp\/v2\/posts\/351657","targetHints":{"allow":["GET"]}}],"collection":[{"href":"https:\/\/tribunabrasilia.com.br\/2\/wp-json\/wp\/v2\/posts"}],"about":[{"href":"https:\/\/tribunabrasilia.com.br\/2\/wp-json\/wp\/v2\/types\/post"}],"author":[{"embeddable":true,"href":"https:\/\/tribunabrasilia.com.br\/2\/wp-json\/wp\/v2\/users\/15"}],"replies":[{"embeddable":true,"href":"https:\/\/tribunabrasilia.com.br\/2\/wp-json\/wp\/v2\/comments?post=351657"}],"version-history":[{"count":0,"href":"https:\/\/tribunabrasilia.com.br\/2\/wp-json\/wp\/v2\/posts\/351657\/revisions"}],"wp:featuredmedia":[{"embeddable":true,"href":"https:\/\/tribunabrasilia.com.br\/2\/wp-json\/wp\/v2\/media\/351658"}],"wp:attachment":[{"href":"https:\/\/tribunabrasilia.com.br\/2\/wp-json\/wp\/v2\/media?parent=351657"}],"wp:term":[{"taxonomy":"category","embeddable":true,"href":"https:\/\/tribunabrasilia.com.br\/2\/wp-json\/wp\/v2\/categories?post=351657"},{"taxonomy":"post_tag","embeddable":true,"href":"https:\/\/tribunabrasilia.com.br\/2\/wp-json\/wp\/v2\/tags?post=351657"},{"taxonomy":"jnews-series","embeddable":true,"href":"https:\/\/tribunabrasilia.com.br\/2\/wp-json\/wp\/v2\/jnews-series?post=351657"}],"curies":[{"name":"wp","href":"https:\/\/api.w.org\/{rel}","templated":true}]}}