{"id":351645,"date":"2026-08-29T22:29:24","date_gmt":"2026-08-30T01:29:24","guid":{"rendered":"https:\/\/tribunabrasilia.com.br\/2\/sandro-avelar-alerta-para-crimes-que-antecedem-feminicidios-e-defende-endurecimento-das-penas\/"},"modified":"2026-08-29T22:29:24","modified_gmt":"2026-08-30T01:29:24","slug":"sandro-avelar-alerta-para-crimes-que-antecedem-feminicidios-e-defende-endurecimento-das-penas","status":"publish","type":"post","link":"https:\/\/tribunabrasilia.com.br\/2\/sandro-avelar-alerta-para-crimes-que-antecedem-feminicidios-e-defende-endurecimento-das-penas\/","title":{"rendered":"Sandro Avelar alerta para crimes que antecedem feminic\u00eddios e defende endurecimento das penas"},"content":{"rendered":"<p><img width=\"686\" height=\"502\" src=\"https:\/\/midialternativa.com.br\/wp-content\/uploads\/2026\/08\/Captura-de-tela-2026-08-28-150348.png\" class=\"attachment-post-thumbnail size-post-thumbnail wp-post-image\" alt=\"\" decoding=\"async\" srcset=\"https:\/\/midialternativa.com.br\/wp-content\/uploads\/2026\/08\/Captura-de-tela-2026-08-28-150348.png 686w, https:\/\/midialternativa.com.br\/wp-content\/uploads\/2026\/08\/Captura-de-tela-2026-08-28-150348-300x220.png 300w, https:\/\/midialternativa.com.br\/wp-content\/uploads\/2026\/08\/Captura-de-tela-2026-08-28-150348-150x110.png 150w, https:\/\/midialternativa.com.br\/wp-content\/uploads\/2026\/08\/Captura-de-tela-2026-08-28-150348-200x146.png 200w\" sizes=\"(max-width: 686px) 100vw, 686px\"><\/p>\n<p><strong>Ex-secret\u00e1rio de Seguran\u00e7a do DF afirma que agress\u00f5es, amea\u00e7as e outros crimes anteriores precisam ser tratados como sinais de alerta<\/strong><\/p>\n<p>O feminic\u00eddio n\u00e3o come\u00e7a no momento em que uma mulher \u00e9 morta. Essa \u00e9 a avalia\u00e7\u00e3o do ex-secret\u00e1rio de Seguran\u00e7a P\u00fablica do Distrito Federal e delegado aposentado da Pol\u00edcia Federal Sandro Avelar, que defendeu penas mais duras para crimes cometidos antes do assassinato de mulheres. Para ele, agress\u00f5es, les\u00f5es e outras formas de viol\u00eancia precisam receber uma resposta mais rigorosa do Estado antes que a escalada chegue ao extremo.<\/p>\n<p>A declara\u00e7\u00e3o foi dada nesta sexta-feira, 28, durante participa\u00e7\u00e3o no programa <em>Vozes da Comunidade<\/em>, transmitido ao vivo pelo YouTube, com apoio da Associa\u00e7\u00e3o Brasileira de Portais de Not\u00edcias (ABBP). A entrevista foi conduzida pelo apresentador Toni Duarte, com participa\u00e7\u00e3o do jornalista Josiel Ferreira e de profissionais de diferentes regi\u00f5es administrativas do Distrito Federal.<\/p>\n<p>Segundo Avelar, os casos de feminic\u00eddio registrados no Distrito Federal durante o per\u00edodo em que esteve \u00e0 frente da Seguran\u00e7a P\u00fablica foram solucionados. Ele, por\u00e9m, ressaltou que prender ou responsabilizar o autor n\u00e3o repara a perda provocada pelo crime.<\/p>\n<p><em>\u201cN\u00e3o existe impunidade. [\u2026] Ou ele est\u00e1 preso ou ele est\u00e1 morto\u201d,<\/em> afirmou.<\/p>\n<p>Na sequ\u00eancia, o ex-secret\u00e1rio fez uma ressalva sobre o resultado das investiga\u00e7\u00f5es. \u201cA vida daquela mulher j\u00e1 se perdeu\u201d, disse.<\/p>\n<h3>Agress\u00e3o antes do assassinato<\/h3>\n<p>Avelar defendeu que o poder p\u00fablico concentre esfor\u00e7os justamente no per\u00edodo anterior ao feminic\u00eddio. Na avalia\u00e7\u00e3o dele, crimes como vias de fato, les\u00e3o corporal e inj\u00faria, quando praticados contra mulheres em situa\u00e7\u00f5es de viol\u00eancia dom\u00e9stica ou de g\u00eanero, podem representar sinais de uma escalada que precisa ser interrompida.<\/p>\n<p><em>\u201c\u00c9 muito raro o caso em que o feminic\u00eddio acontece sem que antes tenham acontecido esses crimes antecedentes\u201d,<\/em> afirmou.<\/p>\n<p>Para o ex-secret\u00e1rio, o fato de o feminic\u00eddio j\u00e1 contar com uma puni\u00e7\u00e3o severa n\u00e3o resolve o problema da preven\u00e7\u00e3o. A estrat\u00e9gia, segundo ele, deveria incluir uma resposta mais rigorosa \u00e0s primeiras agress\u00f5es, criando mecanismos para impedir que epis\u00f3dios inicialmente tratados como ocorr\u00eancias menores evoluam para crimes fatais.<\/p>\n<p>A proposta coloca o foco sobre o momento em que a viol\u00eancia ainda pode ser interrompida. Em vez de esperar o desfecho mais grave, a atua\u00e7\u00e3o das autoridades deveria come\u00e7ar diante dos primeiros registros de agress\u00e3o.<\/p>\n<h3>\u2018O mesmo vizinho\u2019 que chama a pol\u00edcia<\/h3>\n<p>Al\u00e9m da atua\u00e7\u00e3o policial, Avelar apontou a omiss\u00e3o da sociedade como um dos obst\u00e1culos ao enfrentamento da viol\u00eancia dom\u00e9stica.<\/p>\n<p>Segundo ele, pessoas pr\u00f3ximas muitas vezes sabem que uma mulher est\u00e1 sendo agredida, mas deixam de comunicar o caso \u00e0s autoridades. O ex-secret\u00e1rio citou o comportamento de vizinhos que acionam a pol\u00edcia por motivos como barulho, mas n\u00e3o fazem o mesmo quando percebem uma situa\u00e7\u00e3o de viol\u00eancia.<\/p>\n<p><em>\u201cO mesmo vizinho \u00e9 incapaz de discar os 190 para chamar a pol\u00edcia quando a vizinha est\u00e1 sendo espancada\u201d<\/em>, afirmou.<\/p>\n<p>Avelar associou esse comportamento \u00e0 perman\u00eancia de uma cultura segundo a qual conflitos entre marido e mulher deveriam permanecer dentro de casa. Para ele, a ideia de que <em>\u201cem briga de marido e mulher n\u00e3o se mete a colher\u201d<\/em> precisa ser superada.<\/p>\n<p>O ex-secret\u00e1rio classificou o feminic\u00eddio como uma \u201cdoen\u00e7a social\u201d e defendeu uma mudan\u00e7a de comportamento que leve familiares, amigos e vizinhos a denunciar situa\u00e7\u00f5es de viol\u00eancia antes que elas se agravem.<\/p>\n<h3>Programa de prote\u00e7\u00e3o<\/h3>\n<p>Durante a entrevista, Avelar tamb\u00e9m destacou o Viva Flor Administrativo, programa de prote\u00e7\u00e3o a mulheres v\u00edtimas de viol\u00eancia que, segundo ele, foi reformulado durante sua gest\u00e3o.<\/p>\n<p>A mudan\u00e7a, de acordo com o ex-secret\u00e1rio, permitiu que o dispositivo de prote\u00e7\u00e3o fosse entregue diretamente \u00e0 v\u00edtima na delegacia, j\u00e1 no primeiro atendimento. Antes, segundo ele, havia a necessidade de aguardar um tr\u00e2mite judicial para a disponibiliza\u00e7\u00e3o do equipamento.<\/p>\n<p>Avelar afirmou que a altera\u00e7\u00e3o foi constru\u00edda em conjunto com o Poder Judici\u00e1rio e o Minist\u00e9rio P\u00fablico do Distrito Federal e Territ\u00f3rios (MPDFT). Ele tamb\u00e9m declarou que o modelo adotado no Distrito Federal \u00e9 \u00fanico no Pa\u00eds.<\/p>\n<h3>\u2018Grande pacto social\u2019<\/h3>\n<p>Na avalia\u00e7\u00e3o de Avelar, a pol\u00edcia sozinha n\u00e3o conseguir\u00e1 impedir novos casos de feminic\u00eddio. O enfrentamento da viol\u00eancia contra a mulher, segundo ele, exige uma a\u00e7\u00e3o coordenada entre for\u00e7as de seguran\u00e7a, governo, Justi\u00e7a, escolas, imprensa e sociedade civil.<\/p>\n<p><em>\u201cSe n\u00e3o houver o engajamento da sociedade, se n\u00e3o houver uma mudan\u00e7a cultural onde a gente envolva a sociedade civil, onde a gente envolva a imprensa, onde a gente envolva o governo federal\u201d,<\/em> afirmou.<\/p>\n<p>Avelar defendeu o que chamou de um \u201cgrande pacto social\u201d para combater a viol\u00eancia contra a mulher. A ideia \u00e9 ampliar a preven\u00e7\u00e3o, identificar os primeiros sinais de agress\u00e3o e estimular den\u00fancias antes que a viol\u00eancia dom\u00e9stica evolua para um crime irrevers\u00edvel.<\/p>\n<p><strong>Assista ao Vozes da Comunidade na \u00edntegra:<\/strong><\/p>\n<div class=\"youtube-embed\" data-video_id=\"JiugFTVIqj0\"><iframe loading=\"lazy\" title=\"Vozes da Comunidade recebe, Sandro Avelar, Ex Secret\u00e1rio de Seguran\u00e7a do DF Deputado Distrital.\" width=\"696\" height=\"392\" src=\"https:\/\/www.youtube.com\/embed\/JiugFTVIqj0?start=476&#038;feature=oembed\" frameborder=\"0\" allow=\"accelerometer; autoplay; clipboard-write; encrypted-media; gyroscope; picture-in-picture; web-share\" referrerpolicy=\"strict-origin-when-cross-origin\" allowfullscreen sandbox=\"allow-scripts allow-same-origin\"><\/iframe><\/div>\n<p>O post <a href=\"https:\/\/midialternativa.com.br\/sandro-avelar-alerta-para-crimes-que-antecedem-feminicidios-e-defende-endurecimento-das-penas\/\">Sandro Avelar alerta para crimes que antecedem feminic\u00eddios e defende endurecimento das penas<\/a> apareceu primeiro em <a href=\"https:\/\/midialternativa.com.br\/\">Midia Alernativa<\/a>.<\/p>\n","protected":false},"excerpt":{"rendered":"<p>Ex-secret\u00e1rio de Seguran\u00e7a do DF afirma que agress\u00f5es, amea\u00e7as e outros crimes anteriores precisam ser tratados como sinais de alerta O feminic\u00eddio n\u00e3o come\u00e7a no momento em que uma mulher \u00e9 morta. Essa \u00e9 a avalia\u00e7\u00e3o do ex-secret\u00e1rio de Seguran\u00e7a P\u00fablica do Distrito Federal e delegado aposentado da Pol\u00edcia Federal Sandro Avelar, que defendeu penas [&hellip;]<\/p>\n","protected":false},"author":15,"featured_media":351646,"comment_status":"open","ping_status":"open","sticky":false,"template":"","format":"standard","meta":{"jnews-multi-image_gallery":[],"jnews_single_post":[],"jnews_primary_category":[],"jnews_override_bookmark_settings":[],"jnews_food_recipe":[],"enable_food_recipe":"","food_recipe_title":"","food_recipe_description":"","food_recipe_serve":"","food_recipe_time":"","food_recipe_prep":"","food_recipe_level":"","food_recipe_keywords":"","food_recipe_category":"","food_recipe_cuisine":"","food_recipe_yield":"","food_recipe_calories":"","enable_print_recipe":"","ingredient":[],"instruction":"","jnews_social_meta":[],"jnews_paywall_metabox":[],"jnews_review":[],"enable_review":"","type":"","name":"","summary":"","brand":"","sku":"","good":[],"bad":[],"score_override":"","override_value":"","rating":[],"price":[],"jnews_override_counter":[],"jnews_post_split":[],"jnews_podcast_option":[],"jnews_podcast_series":[],"footnotes":""},"categories":[81],"tags":[],"jnews-series":[],"class_list":["post-351645","post","type-post","status-publish","format-standard","has-post-thumbnail","hentry","category-brasilia"],"amp_enabled":true,"_links":{"self":[{"href":"https:\/\/tribunabrasilia.com.br\/2\/wp-json\/wp\/v2\/posts\/351645","targetHints":{"allow":["GET"]}}],"collection":[{"href":"https:\/\/tribunabrasilia.com.br\/2\/wp-json\/wp\/v2\/posts"}],"about":[{"href":"https:\/\/tribunabrasilia.com.br\/2\/wp-json\/wp\/v2\/types\/post"}],"author":[{"embeddable":true,"href":"https:\/\/tribunabrasilia.com.br\/2\/wp-json\/wp\/v2\/users\/15"}],"replies":[{"embeddable":true,"href":"https:\/\/tribunabrasilia.com.br\/2\/wp-json\/wp\/v2\/comments?post=351645"}],"version-history":[{"count":0,"href":"https:\/\/tribunabrasilia.com.br\/2\/wp-json\/wp\/v2\/posts\/351645\/revisions"}],"wp:featuredmedia":[{"embeddable":true,"href":"https:\/\/tribunabrasilia.com.br\/2\/wp-json\/wp\/v2\/media\/351646"}],"wp:attachment":[{"href":"https:\/\/tribunabrasilia.com.br\/2\/wp-json\/wp\/v2\/media?parent=351645"}],"wp:term":[{"taxonomy":"category","embeddable":true,"href":"https:\/\/tribunabrasilia.com.br\/2\/wp-json\/wp\/v2\/categories?post=351645"},{"taxonomy":"post_tag","embeddable":true,"href":"https:\/\/tribunabrasilia.com.br\/2\/wp-json\/wp\/v2\/tags?post=351645"},{"taxonomy":"jnews-series","embeddable":true,"href":"https:\/\/tribunabrasilia.com.br\/2\/wp-json\/wp\/v2\/jnews-series?post=351645"}],"curies":[{"name":"wp","href":"https:\/\/api.w.org\/{rel}","templated":true}]}}